{"id":120,"date":"2020-07-09T11:57:04","date_gmt":"2020-07-09T09:57:04","guid":{"rendered":"http:\/\/historia.pultusk24.pl\/?p=120"},"modified":"2021-01-21T15:07:20","modified_gmt":"2021-01-21T14:07:20","slug":"bitwa-warszawska","status":"publish","type":"post","link":"https:\/\/historia.pultusk24.pl\/?p=120","title":{"rendered":"100-lecie Bitwy Warszawskiej"},"content":{"rendered":"\n<div class=\"wp-block-image\"><figure class=\"aligncenter size-full\"><img fetchpriority=\"high\" decoding=\"async\" width=\"740\" height=\"348\" src=\"https:\/\/historia.pultusk24.pl\/wp-content\/uploads\/2020\/07\/1920-LOGO.png\" alt=\"\" class=\"wp-image-56\" srcset=\"https:\/\/historia.pultusk24.pl\/wp-content\/uploads\/2020\/07\/1920-LOGO.png 740w, https:\/\/historia.pultusk24.pl\/wp-content\/uploads\/2020\/07\/1920-LOGO-300x141.png 300w\" sizes=\"(max-width: 740px) 100vw, 740px\" \/><\/figure><\/div>\n\n\n\n<p>W tym roku obchodzimy stulecie jednego z najwa\u017cniejszych wydarze\u0144 w dziejach Polski. Wojna polsko-bolszewicka, a zw\u0142aszcza Bitwa Warszawska rozegrana w sierpniu 1920 roku na przedpolach stolicy, to najwi\u0119kszy polski sukces militarny ostatnich 300 lat. Ledwo odzyskawszy po wieku niewoli wolno\u015b\u0107, stawi\u0142 nasz kraj op\u00f3r bolszewickiej nawale. Ratuj\u0105c Polsk\u0119, nasi przodkowie uratowali Europ\u0119.<\/p>\n\n\n\n<p>Bitwa Warszawska, zwana tak\u017ce Cudem nad Wis\u0142\u0105, rozegrana zosta\u0142a mi\u0119dzy 13 a 25 sierpnia 1920 roku na ogromnym obszarze od W\u0142oc\u0142awka, poprzez p\u00f3\u0142nocne Mazowsze, wschodnie przedpola Warszawy, a\u017c do doliny Wieprza. Polski kontratak obj\u0105\u0142 niemal ca\u0142y obszar Podlasia i wschodniego Mazowsza. Tak\u017ce w Pu\u0142tusku i powiecie pu\u0142tuskim w sierpniu 1920 roku toczy\u0142y si\u0119 walki. Najpierw obronne, rozpaczliwe pr\u00f3by zatrzymania bolszewickich hord na linii Narwi i Orzyca, a potem przez nasze okolice przeszed\u0142 zwyci\u0119ski kontratak 5 Armii genera\u0142a W\u0142adys\u0142awa Sikorskiego.<\/p>\n\n\n\n<p>Wiele jest na naszym terenie miejsc pami\u0119ci zwi\u0105zanych z rokiem 1920, wiele mo\u017cna te\u017c znale\u017a\u0107 w literaturze i archiwach opis\u00f3w walk. Od kilku miesi\u0119cy na \u0142amach Pu\u0142tuskiej Gazety Powiatowej staramy si\u0119 te wszystkie wydarzenia przypomina\u0107.<\/p>\n\n\n\n<p>Na pultusk24.pl uruchomili\u015bmy subdomen\u0119 po\u015bwi\u0119con\u0105 opisywaniu dziej\u00f3w Pu\u0142tuska i powiatu pu\u0142tuskiego. <a href=\"http:\/\/www.historia.pultusk24.pl\">www.historia.pultusk24.pl<\/a> to miejsce gdzie pisa\u0107 b\u0119dziemy nie tylko o Bitwie Warszawskiej ale tak\u017ce o innych ciekawych wydarzeniach z dziej\u00f3w naszej Ma\u0142ej Ojczyzny.<\/p>\n\n\n\n<figure class=\"wp-block-image size-large\"><img decoding=\"async\" width=\"706\" height=\"1024\" src=\"https:\/\/historia.pultusk24.pl\/wp-content\/uploads\/2020\/08\/ok\u0142adka_wk\u0142adka-1920-706x1024.jpg\" alt=\"\" class=\"wp-image-153\" srcset=\"https:\/\/historia.pultusk24.pl\/wp-content\/uploads\/2020\/08\/ok\u0142adka_wk\u0142adka-1920-706x1024.jpg 706w, https:\/\/historia.pultusk24.pl\/wp-content\/uploads\/2020\/08\/ok\u0142adka_wk\u0142adka-1920-207x300.jpg 207w, https:\/\/historia.pultusk24.pl\/wp-content\/uploads\/2020\/08\/ok\u0142adka_wk\u0142adka-1920-768x1114.jpg 768w, https:\/\/historia.pultusk24.pl\/wp-content\/uploads\/2020\/08\/ok\u0142adka_wk\u0142adka-1920-1059x1536.jpg 1059w, https:\/\/historia.pultusk24.pl\/wp-content\/uploads\/2020\/08\/ok\u0142adka_wk\u0142adka-1920-1412x2048.jpg 1412w, https:\/\/historia.pultusk24.pl\/wp-content\/uploads\/2020\/08\/ok\u0142adka_wk\u0142adka-1920-scaled.jpg 1765w\" sizes=\"(max-width: 706px) 100vw, 706px\" \/><figcaption>Dodatek do Pu\u0142tuskiej Gazety Powiatowej wydany z okazji 100-lecia Bitwy Warszawskiej<\/figcaption><\/figure>\n","protected":false},"excerpt":{"rendered":"<p>W tym roku obchodzimy stulecie jednego z najwa\u017cniejszych wydarze\u0144 w dziejach Polski. Wojna polsko-bolszewicka, a zw\u0142aszcza Bitwa Warszawska rozegrana w sierpniu 1920 roku na przedpolach stolicy, to najwi\u0119kszy polski sukces militarny ostatnich 300 lat. Ledwo odzyskawszy po wieku niewoli wolno\u015b\u0107, stawi\u0142 nasz kraj op\u00f3r bolszewickiej nawale. Ratuj\u0105c Polsk\u0119, nasi przodkowie uratowali Europ\u0119. Bitwa Warszawska, zwana &#8230; <a title=\"100-lecie Bitwy Warszawskiej\" class=\"read-more\" href=\"https:\/\/historia.pultusk24.pl\/?p=120\" aria-label=\"More on 100-lecie Bitwy Warszawskiej\">Czytaj dalej<\/a><\/p>\n","protected":false},"author":1,"featured_media":313,"comment_status":"closed","ping_status":"closed","sticky":false,"template":"","format":"standard","meta":{"footnotes":""},"categories":[7],"tags":[],"class_list":["post-120","post","type-post","status-publish","format-standard","has-post-thumbnail","hentry","category-rok-1920"],"_links":{"self":[{"href":"https:\/\/historia.pultusk24.pl\/index.php?rest_route=\/wp\/v2\/posts\/120","targetHints":{"allow":["GET"]}}],"collection":[{"href":"https:\/\/historia.pultusk24.pl\/index.php?rest_route=\/wp\/v2\/posts"}],"about":[{"href":"https:\/\/historia.pultusk24.pl\/index.php?rest_route=\/wp\/v2\/types\/post"}],"author":[{"embeddable":true,"href":"https:\/\/historia.pultusk24.pl\/index.php?rest_route=\/wp\/v2\/users\/1"}],"replies":[{"embeddable":true,"href":"https:\/\/historia.pultusk24.pl\/index.php?rest_route=%2Fwp%2Fv2%2Fcomments&post=120"}],"version-history":[{"count":10,"href":"https:\/\/historia.pultusk24.pl\/index.php?rest_route=\/wp\/v2\/posts\/120\/revisions"}],"predecessor-version":[{"id":326,"href":"https:\/\/historia.pultusk24.pl\/index.php?rest_route=\/wp\/v2\/posts\/120\/revisions\/326"}],"wp:featuredmedia":[{"embeddable":true,"href":"https:\/\/historia.pultusk24.pl\/index.php?rest_route=\/wp\/v2\/media\/313"}],"wp:attachment":[{"href":"https:\/\/historia.pultusk24.pl\/index.php?rest_route=%2Fwp%2Fv2%2Fmedia&parent=120"}],"wp:term":[{"taxonomy":"category","embeddable":true,"href":"https:\/\/historia.pultusk24.pl\/index.php?rest_route=%2Fwp%2Fv2%2Fcategories&post=120"},{"taxonomy":"post_tag","embeddable":true,"href":"https:\/\/historia.pultusk24.pl\/index.php?rest_route=%2Fwp%2Fv2%2Ftags&post=120"}],"curies":[{"name":"wp","href":"https:\/\/api.w.org\/{rel}","templated":true}]}}