{"id":127,"date":"2020-07-09T12:24:34","date_gmt":"2020-07-09T10:24:34","guid":{"rendered":"http:\/\/historia.pultusk24.pl\/?p=127"},"modified":"2021-01-21T15:17:49","modified_gmt":"2021-01-21T14:17:49","slug":"wspomnienia-generala-zeligowskiego","status":"publish","type":"post","link":"https:\/\/historia.pultusk24.pl\/?p=127","title":{"rendered":"Wspomnienia genera\u0142a \u017beligowskiego"},"content":{"rendered":"\n<div class=\"wp-block-image\"><figure class=\"alignleft size-large is-resized\"><img decoding=\"async\" src=\"https:\/\/historia.pultusk24.pl\/wp-content\/uploads\/2020\/07\/Zeligowski-882x1024.jpg\" alt=\"\" class=\"wp-image-126\" width=\"136\" height=\"157\"\/><\/figure><\/div>\n\n\n\n<p class=\"has-text-align-left\"><strong>Publikujemy fragment wspomnie\u0144 genera\u0142a Lucjana \u017beligowskiego, kt\u00f3ry ze swoj\u0105 10 dywizj\u0105 piechoty walczy\u0142 od 7 do 11 sierpnia we wschodniej cz\u0119\u015bci \u00f3wczesnego powiatu pu\u0142tuskiego. P\u00f3\u017aniej bi\u0142 si\u0119 pod Radzyminem. By\u0142 niew\u0105tpliwie jednym z najlepszych polskich genera\u0142\u00f3w w wojnie z bolszewikami.<\/strong><\/p>\n\n\n\n<p><\/p>\n\n\n\n<p>Dywizja, po odej\u015bciu spod Ostrowi, zajmowa\u0142a lini\u0119 Udrzynek \u2013 Przetycz, maj\u0105c pu\u0142k u\u0142an\u00f3w na lewym skrzydle. Sztab stan\u0105\u0142 w Wyszkowie. 7 sierpnia przyby\u0142 do sztabu dywizji \u00f3wczesny dow\u00f3dca armii, genera\u0142 J\u0119drzejewski, informuj\u0105c mnie naj\u015bci\u015blej poufnie o planach Naczelnego Dow\u00f3dztwa dotycz\u0105cych przysz\u0142ej bitwy. Genera\u0142 doda\u0142, \u017ce konieczne jest utrzymanie dywizji w Wyszkowie do 10 sierpnia, tj. do czasu kiedy b\u0119d\u0105 gotowe fortyfikacje na linii obronnej Warszawy, w\u0105tpi\u0142 jednak, czy to si\u0119 uda, i pyta\u0142 o moje zdanie. Zapewni\u0142em genera\u0142a, \u017ce do 10 utrzymujemy si\u0119 na tej linii i tego samego dnia zarz\u0105dzi\u0142em wypad na D\u0142ugosiod\u0142o, wzd\u0142u\u017c toru kolejowego. Z oddzia\u0142em wypadowym wys\u0142a\u0142em dwa poci\u0105gi pancerne. Jako skutek tego wypadu by\u0142o mocne obsadzenie skraju lasu ko\u0142o wsi Jaszczo\u0142ty oraz wzi\u0119cie je\u0144c\u00f3w z 33 dywizji kuba\u0144skiej. Ju\u017c wtedy stwierdzili\u015bmy ruch kolumn nieprzyjacielskich na p\u00f3\u0142nocy w stron\u0119 R\u00f3\u017can.<\/p>\n\n\n\n<p>10 sierpnia zasta\u0142 dywizj\u0119 na linii Bra\u0144szczyk \u2013 Trzcianka \u2013 Porz\u0119dzie. Niewielkie cofni\u0119cie si\u0119 lewego skrzyd\u0142a wywo\u0142ane zosta\u0142o odej\u015bciem grupy genera\u0142a Baranowskiego na Pu\u0142tusk. Tego\u017c dnia przyby\u0142 ponownie do sztabu dywizji genera\u0142 J\u0119drzejewski. Zadanie dywizji by\u0142o wykonane. Zachodzi\u0142o pytanie, czy mamy rozpocz\u0105\u0107 zapowiedziany odwr\u00f3t. Genera\u0142 zapyta\u0142 telefonicznie sztab frontu. Odpowied\u017a brzmia\u0142a, \u017ce by\u0142oby pewne, czy wobec walk pod Pu\u0142tuskiem, Serock nie zostanie do jutra zaj\u0119ty, a zatem i szosa do\u0144 wiod\u0105ca. Wobec tego genera\u0142 J\u0119drzejewski zatelefonowa\u0142, \u017ce pozostanie dywizji jest mo\u017cliwe, ale by\u0107 mo\u017ce, \u017ce jutro b\u0119dzie si\u0119 musia\u0142a cofa\u0107 nie na Serock, lecz na Radzymin \u2013 Jab\u0142onn\u0119, czyli po lewym brzegu Bugu. Ze sztabu frontu nadesz\u0142a odpowied\u017a, \u017ce konieczne jest cofni\u0119cie dywizji na Serock, a wi\u0119c trzeba wykona\u0107 odwr\u00f3t dzisiaj. W nast\u0119pstwie dywizja, 11 [sierpnia] przed po\u0142udniem skoncentrowa\u0142a si\u0119 w Serocku. (&#8230;)<\/p>\n\n\n\n<p class=\"has-text-align-right\">Fragment pochodzi z ksi\u0105\u017cki \u201eWojna w roku 1920 wspomnienia i rozwa\u017cania\u201d<\/p>\n","protected":false},"excerpt":{"rendered":"<p>Publikujemy fragment wspomnie\u0144 genera\u0142a Lucjana \u017beligowskiego, kt\u00f3ry ze swoj\u0105 10 dywizj\u0105 piechoty walczy\u0142 od 7 do 11 sierpnia we wschodniej cz\u0119\u015bci \u00f3wczesnego powiatu pu\u0142tuskiego. P\u00f3\u017aniej bi\u0142 si\u0119 pod Radzyminem. By\u0142 niew\u0105tpliwie jednym z najlepszych polskich genera\u0142\u00f3w w wojnie z bolszewikami. Dywizja, po odej\u015bciu spod Ostrowi, zajmowa\u0142a lini\u0119 Udrzynek \u2013 Przetycz, maj\u0105c pu\u0142k u\u0142an\u00f3w na lewym &#8230; <a title=\"Wspomnienia genera\u0142a \u017beligowskiego\" class=\"read-more\" href=\"https:\/\/historia.pultusk24.pl\/?p=127\" aria-label=\"More on Wspomnienia genera\u0142a \u017beligowskiego\">Czytaj dalej<\/a><\/p>\n","protected":false},"author":1,"featured_media":308,"comment_status":"closed","ping_status":"closed","sticky":false,"template":"","format":"standard","meta":{"footnotes":""},"categories":[7],"tags":[],"class_list":["post-127","post","type-post","status-publish","format-standard","has-post-thumbnail","hentry","category-rok-1920"],"_links":{"self":[{"href":"https:\/\/historia.pultusk24.pl\/index.php?rest_route=\/wp\/v2\/posts\/127","targetHints":{"allow":["GET"]}}],"collection":[{"href":"https:\/\/historia.pultusk24.pl\/index.php?rest_route=\/wp\/v2\/posts"}],"about":[{"href":"https:\/\/historia.pultusk24.pl\/index.php?rest_route=\/wp\/v2\/types\/post"}],"author":[{"embeddable":true,"href":"https:\/\/historia.pultusk24.pl\/index.php?rest_route=\/wp\/v2\/users\/1"}],"replies":[{"embeddable":true,"href":"https:\/\/historia.pultusk24.pl\/index.php?rest_route=%2Fwp%2Fv2%2Fcomments&post=127"}],"version-history":[{"count":7,"href":"https:\/\/historia.pultusk24.pl\/index.php?rest_route=\/wp\/v2\/posts\/127\/revisions"}],"predecessor-version":[{"id":238,"href":"https:\/\/historia.pultusk24.pl\/index.php?rest_route=\/wp\/v2\/posts\/127\/revisions\/238"}],"wp:featuredmedia":[{"embeddable":true,"href":"https:\/\/historia.pultusk24.pl\/index.php?rest_route=\/wp\/v2\/media\/308"}],"wp:attachment":[{"href":"https:\/\/historia.pultusk24.pl\/index.php?rest_route=%2Fwp%2Fv2%2Fmedia&parent=127"}],"wp:term":[{"taxonomy":"category","embeddable":true,"href":"https:\/\/historia.pultusk24.pl\/index.php?rest_route=%2Fwp%2Fv2%2Fcategories&post=127"},{"taxonomy":"post_tag","embeddable":true,"href":"https:\/\/historia.pultusk24.pl\/index.php?rest_route=%2Fwp%2Fv2%2Ftags&post=127"}],"curies":[{"name":"wp","href":"https:\/\/api.w.org\/{rel}","templated":true}]}}