{"id":172,"date":"2020-10-01T08:56:41","date_gmt":"2020-10-01T06:56:41","guid":{"rendered":"http:\/\/historia.pultusk24.pl\/?p=172"},"modified":"2021-01-21T15:04:25","modified_gmt":"2021-01-21T14:04:25","slug":"pazdziernikowe-rocznice","status":"publish","type":"post","link":"https:\/\/historia.pultusk24.pl\/?p=172","title":{"rendered":"Pa\u017adziernikowe rocznice"},"content":{"rendered":"\n<p>\u201e<strong>Nasze rocznice\u201d, to cykl felieton\u00f3w, publikowanych w ramach rubryki \u201eZ notatnika archiwisty\u201d na \u0142amach Pu\u0142tuskiej Gazety Powiatowej, ukazuj\u0105cej si\u0119 w latach 2000. Autorem felieton\u00f3w i redaktorem rubryki by\u0142 Miron Owsiewski, wieloletni dyrektor pu\u0142tuskiego oddzia\u0142u Archiwum Pa\u0144stwowego w Warszawie. Cykl, ukazuj\u0105cy si\u0119 w ostatnim wydaniu gazety ka\u017cdego miesi\u0105ca, opisywa\u0142 najwa\u017cniejsze rocznice wydarze\u0144 i fakt\u00f3w z \u017cycia Pu\u0142tuska \u2013 z dziedziny administracji, kultury, komunikacji, o\u015bwiaty, a tak\u017ce historii. W tym miesi\u0105cu przypominamy najwa\u017cniejsze \u201epa\u017adziernikowe rocznice\u201d. Pa\u017adziernik by\u0142 miesi\u0105cem, w kt\u00f3rym mia\u0142o miejsce szereg wydarze\u0144 kulturalnych. By\u0142y to nast\u0119puj\u0105ce wydarzenia:<\/strong><\/p>\n\n\n\n<p>&#8211; Dnia 1 pa\u017adziernika 1921 r. w pu\u0142tuskim teatrze wystawiono dramat Stefana Krzywoszewskiego &#8211; \u201ePrzyw\u00f3dca\u201d. W antraktach przygrywa\u0142a orkiestra d\u0119ta 13 pu\u0142ku piechoty, pod batut\u0105 kapelmistrza Marcelego Gorzelskiego. Re\u017cyserowa\u0142 Antoni Sikorski.<br><br>&#8211; Dnia 3 pa\u017adziernika 1923 r. w pu\u0142tuskim teatrze odby\u0142a si\u0119 uroczysta akademia, zwi\u0105zana ze 150-letni\u0105 rocznic\u0105 powo\u0142ania Komisji Edukacji Narodowej \u2013 pierwszego polskiego ministerstwa o\u015bwiaty. Akademi\u0119 zorganizowa\u0142o miejscowe Ko\u0142o Przyjaci\u00f3\u0142 Akademika.<\/p>\n\n\n\n<p>&#8211; Dnia 3 pa\u017adziernika 1925 r. w pu\u0142tuskim teatrze wystawiono sztuk\u0119 J\u00f3zefa Dymowa &#8211; \u201e\u015apiewak w\u0142asnej niedoli\u201d. W antraktach przygrywa\u0142a orkiestra d\u0119ta Ochotniczej Stra\u017cy Ogniowej. Re\u017cyserowa\u0142 Antoni Sikorski.<\/p>\n\n\n\n<p>&#8211; Dnia 5 pa\u017adziernika 1946 r. w miejscowym teatrze odby\u0142 si\u0119 wiecz\u00f3r artystyczno-literacki, po\u015bwi\u0119cony odbudowie stolicy Polski \u2013 Warszawie, zniszczonej w czasie wojny w 80%. Wiecz\u00f3r zorganizowa\u0142 pr\u0119\u017cnie dzia\u0142aj\u0105cy Spo\u0142eczny Komitet Odbudowy Stolicy pod kierunkiem Edwarda Cicharskiego.<br><br>&#8211; Dnia 7 pa\u017adziernika 1922 r. w miejscowym teatrze wystawiono sztuk\u0119 Mieczys\u0142awa Fija\u0142kowskiego &#8211; \u201eWierna kochanka\u201d. W antraktach przygrywa\u0142a orkiestra d\u0119ta Ochotniczej Stra\u017cy Ogniowej. Re\u017cyserowa\u0142 Antoni Sikorski.<\/p>\n\n\n\n<p>&#8211; Dnia 8 pa\u017adziernika 1939 r. ukaza\u0142 si\u0119 dekret Adolfa Hitlera o nowym podziale administracyjnym podbitych kraj\u00f3w. Zgodnie z tym dekretem cz\u0119\u015b\u0107 powiatu pu\u0142tuskiego wraz z miastem Pu\u0142tuskiem zosta\u0142a w\u0142\u0105czona do utworzonego Regirungsbezirk Zichenau (okr\u0119g Ciechan\u00f3w). Ca\u0142y okr\u0119g Ciechan\u00f3w natomiast zosta\u0142 w\u0142\u0105czony do prowincji Sud Ost Preussen (Prus Po\u0142udniowo-Wschodnich). Granica pomi\u0119dzy okrojon\u0105 Generaln\u0105 Guberni\u0105 a Prusami przebiega\u0142a pod Pniewem i by\u0142a silnie strze\u017cona przez niemiecki Grentzschuz.<br><br>&#8211; Dnia 12 i 13 pa\u017adziernika 1990 r. w ramach Jubileuszu 550 lat pu\u0142tuskiego Liceum im. Piotra Skargi zorganizowano w \u015bwietlicy szko\u0142y akademickiego, na kt\u00f3r\u0105 przyby\u0142 minister Edukacji i O\u015bwiaty prof. Henryk Samsonowicz.<br><br>&#8211; Dnia 16 pa\u017adziernika 1918 r. w miejscowym teatrze wystawiono sztuk\u0119 Aleksandra hr. Fredry \u201ePan Bonet\u201d. W antraktach przygrywa\u0142a orkiestra Ochotniczej Stra\u017cy Ogniowej. Re\u017cyserowa\u0142 Antoni Sikorski.<br><br>&#8211; Dnia 17 pa\u017adziernika 1848 r. urodzi\u0142 si\u0119 w Ostro\u0142\u0119ce Wiktor Gmulicki \u2013 p\u00f3\u017aniejszy pisarz zwi\u0105zany z Pu\u0142tuskiem. Jego praca \u201eWspomnienia niebieskiego mundurka\u201d opisuje \u017cycie pu\u0142tuskiej szko\u0142y w czasach carskich. Pisarz zmar\u0142 dnia 14.02.1919 r. w Warszawie.<br><br>&#8211; Dnia 19 pa\u017adziernika 1919 roku w pu\u0142tuskim teatrze prof. J\u00f3zef Stok\u0142osa wyg\u0142osi\u0142 odczyt na temat: \u201ePrzesz\u0142o\u015b\u0107 i przysz\u0142o\u015b\u0107 kooperatywy\u201d. Cz\u0119\u015b\u0107 artystyczn\u0105 zorganizowa\u0142 zesp\u00f3\u0142 pu\u0142tuskich artyst\u00f3w amator\u00f3w.<br><br>&#8211; Dnia 20 pa\u017adziernika 1924 r. burmistrz miasta Pu\u0142tuska rozes\u0142a\u0142 mieszka\u0144com \u201eOdezw\u0119 do rodak\u00f3w\u201d. Odezwa zwi\u0105zana by\u0142a ze spraw\u0105 wys\u0142ania do warszawy delegacji miasta Pu\u0142tuska na uroczysto\u015bci zwi\u0105zane ze sprowadzeniem do kraju zw\u0142ok pisarza Henryka Sienkiewicza. Jak wiadomo Henryk Sienkiewicz zmar\u0142 dnia 15.11.1916 r. w Vevey w Szwajcarii.<\/p>\n\n\n\n<p>&#8211; Dnia 22 pa\u017adziernika 1909 r. warszawski gubernator zawiadomi\u0142 naczelnika powiatu, \u017ce we wsi Gromin gm. Koz\u0142owo rolnicy zorganizowali Ko\u0142o Kas Po\u017cyczkowych im. Stanis\u0142awa Staszica. W sk\u0142adzie zarz\u0105du ko\u0142a znale\u017ali si\u0119 rolnicy: Franciszek Borek, Stanis\u0142aw Dom\u017calski, Bronis\u0142aw Iniarski, Stanis\u0142aw \u0141aszczyk oraz Jakub Pik.<\/p>\n\n\n\n<p>&#8211; Dnia 23 pa\u017adziernika 1998 r. w Pu\u0142tusku, w 150. rocznic\u0119 urodzin pisarza Wiktora Gomulickiego, zorganizowano w auli Wy\u017cszej Szko\u0142y humanistycznej konferencj\u0119 naukow\u0105 na temat \u201e\u017bycie i tw\u00f3rczo\u015b\u0107 Wiktora Gomulickiego\u201d. Konferencj\u0119 zorganizowa\u0142a Wy\u017csza Szko\u0142a Humanistyczna.<\/p>\n\n\n\n<p>&#8211; Dnia 24 pa\u017adziernika 1989 r. w Pu\u0142tusku przebywa\u0142a delegacja Kongresu Polonii Ameryka\u0144skiej. Na jej czele sta\u0142 prezes Polonii Edward Moskal. Delegacja zwiedzi\u0142a miasto i zamek.<\/p>\n\n\n\n<p>&#8211; Dnia 25 pa\u017adziernika 1923 r. ukaza\u0142 si\u0119 apel do mieszka\u0144c\u00f3w Pu\u0142tuska, podpisany przez burmistrza mgr. Stanis\u0142awa \u015aniegockiego. Burmistrz zwraca\u0142 si\u0119 w apelu do mieszka\u0144c\u00f3w w sprawie nale\u017cytego udekorowanie miasta w dniu 3 listopada 1923 r., w zwi\u0105zku z przyjazdem do Pu\u0142tuska Prezydenta RP Stanis\u0142awa Wojciechowskiego. Pan Prezydent wr\u0119czy 13 pu\u0142kowi piechoty sztandar ufundowany przez spo\u0142ecze\u0144stwo powiat\u00f3w Mak\u00f3w Mazowiecki i Pu\u0142tusk.<\/p>\n\n\n\n<p>&#8211; Dnia 25 pa\u017adziernika 1944 r. na sesji Powiatowej Rady Narodowej w Wyszkowie wybrano pierwszego po wojnie starost\u0119 powiatu. Zosta\u0142 nim Czes\u0142aw Skocze\u0144 \u2013 dzia\u0142acz PSL. Mimo trudnych warunk\u00f3w, zwi\u0105zanych z trwaj\u0105c\u0105 jeszcze wojn\u0105 \u2013 wymieniony urz\u0119dowa\u0142 na tym stanowisku do dnia 31.08.1945 r.<\/p>\n\n\n\n<p>&#8211; Dnia 27 pa\u017adziernika 1946 r. w pu\u0142tuskim teatrze zorganizowano akademi\u0119 pod has\u0142em \u201ePom\u00f3\u017cmy dzieciom miasta\u201d. Referat g\u0142\u00f3wny wyg\u0142osi\u0142 ks. Piotr Or\u0142owski. W cz\u0119\u015bci artystycznej wyst\u0105pi\u0142a orkiestra staro\u015bci\u0144ska pod batut\u0105 Karola Wrony oraz ch\u00f3r parafialny kierowany przez Stanis\u0142awa Dziedzickiego. Akademi\u0119 zorganizowa\u0142 miejscowy Caritas.<\/p>\n\n\n\n<p>&#8211; Dnia 30 pa\u017adziernika 1968 r. W pu\u0142tuskim teatrze odby\u0142a si\u0119 sesja historyczna na temat \u201eX wiek\u00f3w Pu\u0142tuska\u201d. Sesji przewodniczy\u0142 prof. dr hab. Stanis\u0142aw Herbst. W ramach sesji zorganizowano wystawy: sztuka ludowa Puszczy Bia\u0142ej, Pu\u0142tusk w dokumentach archiwalnych, pu\u0142tuski sport w ostatnich latach. W dniu sesji miejscowy Urz\u0105d Pocztowy stemplowa\u0142 korespondencj\u0119 okoliczno\u015bciowym datownikiem, a Polski Monopol Zapa\u0142czany wyda\u0142 seri\u0119 zapa\u0142ek z etykiet\u0105 pu\u0142tuskiego ratusza.<\/p>\n\n\n\n<p>&#8211; Dnia 30 pa\u017adziernika 1990 r. zmar\u0142 w Warszawie dr Janusz \u0141opuski. W latach 1950 \u2013 1958 piastowa\u0142 funkcj\u0119 dyrektora PLO w Pu\u0142tusku, a nast\u0119pnie awansowa\u0142 na stanowisko wiceprzewodnicz\u0105cego prezydium Wojskowej Rady Narodowej w Warszawie.<\/p>\n\n\n\n<p>&#8211; Dnia 31 pa\u017adziernika 1933 r. W Pu\u0142tusku uroczy\u015bcie obchodzono jubileusz 15-lecia 13 pu\u0142ku piechoty. W zwi\u0105zku z tym komitet organizacyjny wyda\u0142 specjaln\u0105 jednodni\u00f3wk\u0119. Uroczysto\u015b\u0107 u\u015bwietni\u0142 swoj\u0105 swoj\u0105 obecno\u015bci\u0105 Prezydent RP prof. Ignacy Mo\u015bcicki, kt\u00f3remu dow\u00f3dca pu\u0142ku p\u0142k. Jan Zientarski wr\u0119czy\u0142 odznak\u0119 pu\u0142kow\u0105. Po defiladzie, przed gmachem teatru, a nast\u0119pnie po obiedzie \u017co\u0142nierskim Prezydent RP ze \u015bwit\u0105 odjecha\u0142 do Warszawy.<\/p>\n\n\n\n<p class=\"has-text-align-right\"><em><strong>Miron Owsiewski<\/strong><\/em><br>\u201e<em><strong>Z notatnika archiwisty\u201d<\/strong><\/em><\/p>\n","protected":false},"excerpt":{"rendered":"<p>\u201eNasze rocznice\u201d, to cykl felieton\u00f3w, publikowanych w ramach rubryki \u201eZ notatnika archiwisty\u201d na \u0142amach Pu\u0142tuskiej Gazety Powiatowej, ukazuj\u0105cej si\u0119 w latach 2000. Autorem felieton\u00f3w i redaktorem rubryki by\u0142 Miron Owsiewski, wieloletni dyrektor pu\u0142tuskiego oddzia\u0142u Archiwum Pa\u0144stwowego w Warszawie. Cykl, ukazuj\u0105cy si\u0119 w ostatnim wydaniu gazety ka\u017cdego miesi\u0105ca, opisywa\u0142 najwa\u017cniejsze rocznice wydarze\u0144 i fakt\u00f3w z \u017cycia &#8230; <a title=\"Pa\u017adziernikowe rocznice\" class=\"read-more\" href=\"https:\/\/historia.pultusk24.pl\/?p=172\" aria-label=\"More on Pa\u017adziernikowe rocznice\">Czytaj dalej<\/a><\/p>\n","protected":false},"author":1,"featured_media":0,"comment_status":"closed","ping_status":"closed","sticky":false,"template":"","format":"standard","meta":{"footnotes":""},"categories":[4],"tags":[],"class_list":["post-172","post","type-post","status-publish","format-standard","hentry","category-z-notatnika-archiwisty"],"_links":{"self":[{"href":"https:\/\/historia.pultusk24.pl\/index.php?rest_route=\/wp\/v2\/posts\/172","targetHints":{"allow":["GET"]}}],"collection":[{"href":"https:\/\/historia.pultusk24.pl\/index.php?rest_route=\/wp\/v2\/posts"}],"about":[{"href":"https:\/\/historia.pultusk24.pl\/index.php?rest_route=\/wp\/v2\/types\/post"}],"author":[{"embeddable":true,"href":"https:\/\/historia.pultusk24.pl\/index.php?rest_route=\/wp\/v2\/users\/1"}],"replies":[{"embeddable":true,"href":"https:\/\/historia.pultusk24.pl\/index.php?rest_route=%2Fwp%2Fv2%2Fcomments&post=172"}],"version-history":[{"count":3,"href":"https:\/\/historia.pultusk24.pl\/index.php?rest_route=\/wp\/v2\/posts\/172\/revisions"}],"predecessor-version":[{"id":324,"href":"https:\/\/historia.pultusk24.pl\/index.php?rest_route=\/wp\/v2\/posts\/172\/revisions\/324"}],"wp:attachment":[{"href":"https:\/\/historia.pultusk24.pl\/index.php?rest_route=%2Fwp%2Fv2%2Fmedia&parent=172"}],"wp:term":[{"taxonomy":"category","embeddable":true,"href":"https:\/\/historia.pultusk24.pl\/index.php?rest_route=%2Fwp%2Fv2%2Fcategories&post=172"},{"taxonomy":"post_tag","embeddable":true,"href":"https:\/\/historia.pultusk24.pl\/index.php?rest_route=%2Fwp%2Fv2%2Ftags&post=172"}],"curies":[{"name":"wp","href":"https:\/\/api.w.org\/{rel}","templated":true}]}}