{"id":286,"date":"2021-01-21T10:48:41","date_gmt":"2021-01-21T09:48:41","guid":{"rendered":"http:\/\/historia.pultusk24.pl\/?p=286"},"modified":"2021-03-17T09:20:31","modified_gmt":"2021-03-17T08:20:31","slug":"jozef-pilsudski-na-poplawach","status":"publish","type":"post","link":"https:\/\/historia.pultusk24.pl\/?p=286","title":{"rendered":"J\u00f3zef Pi\u0142sudski na Pop\u0142awach"},"content":{"rendered":"\n<p>W Pu\u0142tusku, przy ulicy Warszawskiej, stoi pomnik Marsza\u0142ka J\u00f3zefa Pi\u0142sudskiego, ufundowany dla miasta przez Andrzeja Grabowskiego. Nie wszyscy wiedz\u0105, \u017ce nie jest to pierwsze tego typu upami\u0119tnienie Marsza\u0142ka. Przed wojn\u0105 jego popiersie znajdowa\u0142o si\u0119 na Pop\u0142awach, tu\u017c obok letniego obozu szkoleniowego 13 Pu\u0142ku Piechoty.<\/p>\n\n\n\n<figure class=\"wp-block-image size-large is-resized\"><img fetchpriority=\"high\" decoding=\"async\" src=\"https:\/\/historia.pultusk24.pl\/wp-content\/uploads\/2021\/01\/Pilsudski-Poplawy-2-1024x641.jpg\" alt=\"\" class=\"wp-image-302\" width=\"801\" height=\"501\" srcset=\"https:\/\/historia.pultusk24.pl\/wp-content\/uploads\/2021\/01\/Pilsudski-Poplawy-2-1024x641.jpg 1024w, https:\/\/historia.pultusk24.pl\/wp-content\/uploads\/2021\/01\/Pilsudski-Poplawy-2-300x188.jpg 300w, https:\/\/historia.pultusk24.pl\/wp-content\/uploads\/2021\/01\/Pilsudski-Poplawy-2-768x481.jpg 768w, https:\/\/historia.pultusk24.pl\/wp-content\/uploads\/2021\/01\/Pilsudski-Poplawy-2-1536x961.jpg 1536w, https:\/\/historia.pultusk24.pl\/wp-content\/uploads\/2021\/01\/Pilsudski-Poplawy-2-2048x1282.jpg 2048w\" sizes=\"(max-width: 801px) 100vw, 801px\" \/><figcaption>Popiersie Marsza\u0142ka J\u00f3zefa Pi\u0142sudskiego na Pop\u0142awach (fot. arch. PGP)<\/figcaption><\/figure>\n\n\n\n<p class=\"has-text-align-left\">Ob\u00f3z zwany \u201eBaraki\u201d znajdowa\u0142 si\u0119 na ko\u0144cu Pop\u0142aw, przy drodze do Obrytego. By\u0142o tam kilka du\u017cych barak\u00f3w, w kt\u00f3rych mieszkali \u017co\u0142nierze, plac apelowy, sto\u0142\u00f3wka. Przy obozie by\u0142a niewielka strzelnica do broni kr\u00f3tkie. Z obozu w czasie okupacji korzystali tak\u017ce Niemcy i wtedy powsta\u0142a tam niewielka stacja paliw.<br><br>Na Pop\u0142awach by\u0142a jeszcze ju\u017c przed wojn\u0105 strzelnica, na kt\u00f3rej szkolili si\u0119 \u017co\u0142nierze. Ta strzelnica istnia\u0142a do lat 90-tych XX wieku.<br><br>Nie zachowa\u0142o si\u0119 zbyt wiele fotografii, przedstawiaj\u0105cych ob\u00f3z wojskowy na Pop\u0142awach. Jedn\u0105 z nich jest zdj\u0119cie niewielkiego popiersia Marsza\u0142ka J\u00f3zef Pi\u0142sudskiego, przy kt\u00f3rym wart\u0119 pe\u0142ni\u0105 dwaj \u017co\u0142nierze. Przed popiersiem znajduje si\u0119 du\u017cy bia\u0142y orze\u0142, wkomponowany w alejk\u0119 i \u0142adnie zagospodarowany fragment terenu. Zdj\u0119cie pochodzi z ko\u0144ca lat 30-tych XX wieku.<br><\/p>\n\n\n\n<p class=\"has-text-align-right\"><em>Grzegorz Hubert Gerek<\/em><\/p>\n","protected":false},"excerpt":{"rendered":"<p>W Pu\u0142tusku, przy ulicy Warszawskiej, stoi pomnik Marsza\u0142ka J\u00f3zefa Pi\u0142sudskiego, ufundowany dla miasta przez Andrzeja Grabowskiego. Nie wszyscy wiedz\u0105, \u017ce nie jest to pierwsze tego typu upami\u0119tnienie Marsza\u0142ka. Przed wojn\u0105 jego popiersie znajdowa\u0142o si\u0119 na Pop\u0142awach, tu\u017c obok letniego obozu szkoleniowego 13 Pu\u0142ku Piechoty. Ob\u00f3z zwany \u201eBaraki\u201d znajdowa\u0142 si\u0119 na ko\u0144cu Pop\u0142aw, przy drodze do &#8230; <a title=\"J\u00f3zef Pi\u0142sudski na Pop\u0142awach\" class=\"read-more\" href=\"https:\/\/historia.pultusk24.pl\/?p=286\" aria-label=\"More on J\u00f3zef Pi\u0142sudski na Pop\u0142awach\">Czytaj dalej<\/a><\/p>\n","protected":false},"author":1,"featured_media":314,"comment_status":"closed","ping_status":"closed","sticky":false,"template":"","format":"standard","meta":{"footnotes":""},"categories":[3],"tags":[],"class_list":["post-286","post","type-post","status-publish","format-standard","has-post-thumbnail","hentry","category-13-pulk-piechoty"],"_links":{"self":[{"href":"https:\/\/historia.pultusk24.pl\/index.php?rest_route=\/wp\/v2\/posts\/286","targetHints":{"allow":["GET"]}}],"collection":[{"href":"https:\/\/historia.pultusk24.pl\/index.php?rest_route=\/wp\/v2\/posts"}],"about":[{"href":"https:\/\/historia.pultusk24.pl\/index.php?rest_route=\/wp\/v2\/types\/post"}],"author":[{"embeddable":true,"href":"https:\/\/historia.pultusk24.pl\/index.php?rest_route=\/wp\/v2\/users\/1"}],"replies":[{"embeddable":true,"href":"https:\/\/historia.pultusk24.pl\/index.php?rest_route=%2Fwp%2Fv2%2Fcomments&post=286"}],"version-history":[{"count":5,"href":"https:\/\/historia.pultusk24.pl\/index.php?rest_route=\/wp\/v2\/posts\/286\/revisions"}],"predecessor-version":[{"id":447,"href":"https:\/\/historia.pultusk24.pl\/index.php?rest_route=\/wp\/v2\/posts\/286\/revisions\/447"}],"wp:featuredmedia":[{"embeddable":true,"href":"https:\/\/historia.pultusk24.pl\/index.php?rest_route=\/wp\/v2\/media\/314"}],"wp:attachment":[{"href":"https:\/\/historia.pultusk24.pl\/index.php?rest_route=%2Fwp%2Fv2%2Fmedia&parent=286"}],"wp:term":[{"taxonomy":"category","embeddable":true,"href":"https:\/\/historia.pultusk24.pl\/index.php?rest_route=%2Fwp%2Fv2%2Fcategories&post=286"},{"taxonomy":"post_tag","embeddable":true,"href":"https:\/\/historia.pultusk24.pl\/index.php?rest_route=%2Fwp%2Fv2%2Ftags&post=286"}],"curies":[{"name":"wp","href":"https:\/\/api.w.org\/{rel}","templated":true}]}}