{"id":380,"date":"2021-02-02T11:24:11","date_gmt":"2021-02-02T10:24:11","guid":{"rendered":"http:\/\/historia.pultusk24.pl\/?p=380"},"modified":"2021-02-02T11:24:13","modified_gmt":"2021-02-02T10:24:13","slug":"lutowe-rocznice","status":"publish","type":"post","link":"https:\/\/historia.pultusk24.pl\/?p=380","title":{"rendered":"Lutowe rocznice"},"content":{"rendered":"\n<p>\u201e<strong>Nasze rocznice\u201d, to cykl felieton\u00f3w, publikowanych w ramach rubryki \u201eZ notatnika archiwisty\u201d na \u0142amach Pu\u0142tuskiej Gazety Powiatowej, ukazuj\u0105cej si\u0119 od 2000 roku. Autorem felieton\u00f3w i redaktorem rubryki by\u0142 Miron Owsiewski, wieloletni dyrektor pu\u0142tuskiego oddzia\u0142u Archiwum Pa\u0144stwowego w Warszawie. Cykl, ukazuj\u0105cy si\u0119 w ostatnim wydaniu gazety ka\u017cdego miesi\u0105ca, opisywa\u0142 najwa\u017cniejsze rocznice wydarze\u0144 i fakt\u00f3w z \u017cycia Pu\u0142tuska \u2013 z dziedziny administracji, kultury, komunikacji, o\u015bwiaty, a tak\u017ce historii.<\/strong><\/p>\n\n\n\n<p><strong>W miesi\u0105cu lutym mia\u0142o miejsce wiele wydarze\u0144, kt\u00f3re godne s\u0105 dzi\u015b wzmianki w naszej kronice:<\/strong><\/p>\n\n\n\n<p>&#8211; 1 lutego 1918 roku w Pu\u0142tusku uroczy\u015bcie otwarto \u201ePreparand\u0119\u201d. By\u0142 to kurs przygotowuj\u0105cy kandydat\u00f3w na uczni\u00f3w maj\u0105cego powsta\u0107 Pa\u0144stwowego Seminarium Nauczycielskiego. PSN w Pu\u0142tusku istnia\u0142o do 1935 roku i wykszta\u0142ci\u0142o wielu wysoko wykwalifikowanych nauczycieli.<\/p>\n\n\n\n<p>&#8211; 9 lutego 1961 roku w Pu\u0142tusku reaktywowano dzia\u0142alno\u015b\u0107 przedwojennego Pu\u0142tuskiego Towarzystwa Muzyczno-Dramatycznego. Organizacja przyj\u0119\u0142a nazw\u0119 Towarzystwo Przyjaci\u00f3\u0142 Bibliotek. Wkr\u00f3tce jednak organizacja zosta\u0142a przemianowana na istniej\u0105ce do dzi\u015b Pu\u0142tuskie Towarzystwo Spo\u0142eczno-Kulturalne. W sk\u0142adzie pierwszego zarz\u0105du towarzystwa znale\u017ali si\u0119: Bogdan Serafin \u2013 prezes, Jan Gardulski \u2013 wiceprezes, Michalina Rouba \u2013 wiceprezes, Aniela Weso\u0142ek \u2013 sekretarz.<\/p>\n\n\n\n<p>&#8211; 10 lutego 1920 roku genera\u0142 J\u00f3zef Haller obejmuje, w imieniu odrodzonego Pa\u0144stwa Polskiego, wybrze\u017ce morskie. Zgodnie z obowi\u0105zuj\u0105cym w\u00f3wczas traktatem wersalskim i innymi traktatami, Polska otrzyma we w\u0142adanie ma\u0142y, bo 140 km odcinek wybrze\u017ca. Genera\u0142 w czasie \u015blubowania wrzuci\u0142 w fale morskie z\u0142oty pier\u015bcie\u0144.<\/p>\n\n\n\n<p>&#8211; 10 lutego 1947 roku, uchwa\u0142\u0105 MRN w Pu\u0142tusku, Szkole Podstawowej nr 3 nadano imi\u0119 patrona. Zosta\u0142 nim zwyci\u0119zca spod Rac\u0142awic, naczelnik Tadeusz Ko\u015bciuszko.<\/p>\n\n\n\n<p>&#8211; 19 lutego 1473 roku urodzi\u0142 si\u0119 w Toruniu Miko\u0142aj Kopernik, nasz najwi\u0119kszy astronom \u015bwiata. Wymieniony opublikowa\u0142 kilka wspania\u0142ych dzie\u0142, a w tym: \u201eDe rewolucjonibus orbitum coelestion\u201d (O obrotach cia\u0142 niebieskich). W dziele tym wy\u0142o\u017cy\u0142 heliocentryczn\u0105 budow\u0119 \u015bwiata. W innych dziedzinach sformu\u0142owa\u0142 s\u0142awn\u0105 teori\u0119 o obiegu lepszego i gorszego pieni\u0105dza.<\/p>\n\n\n\n<p>&#8211; 21 lutego 1945 roku do Pu\u0142tuska przenosz\u0105 si\u0119 biura Starostwa Powiatowego, zajmuj\u0105c lokale przy ul. Rynek 29. Do tego dnia biura starostwa przez kilka miesi\u0119cy w\u0119drowa\u0142y po r\u00f3\u017cnych miejscowo\u015bciach za Narwi\u0105, a mi\u0119dzy innymi siedzibami starostwa by\u0142y miejscowo\u015bci Wielgolas i Pniewo. Funkcj\u0119 pierwszego po wojnie starosty piastowa\u0142 dzia\u0142acz Stronnictwa Ludowego Czes\u0142aw Skocze\u0144.<\/p>\n\n\n\n<p>&#8211; 23 lutego 1859 roku umiera znany poeta i wieszcz Zygmunt Krasi\u0144ski. Wsp\u00f3lnie z Mickiewiczem i S\u0142owackim zosta\u0142 zaliczony do wielkiej tr\u00f3jki wieszcz\u00f3w. Pochowany zosta\u0142 w podziemiach ko\u015bcio\u0142a w maj\u0105tku rodzinnym w Opinog\u00f3rze. W tej miejscowo\u015bci znajduje si\u0119 te\u017c bardzo bogate w zbiory muzeum romantyzmu. Jest tam wiele pami\u0105tek po Krasi\u0144skim.<\/p>\n\n\n\n<p>&#8211; 24 lutego 1595 roku urodzi\u0142 si\u0119 w Sarbiewie, ko\u0142o P\u0142o\u0144ska, Maciej Kazimierz Sarbiewski, poeta Z\u0142otego Wieku Zygmuntowskiego. S\u0142yn\u0105\u0142 z utwor\u00f3w pisanych po \u0142acinie. Sarbiewski zwi\u0105zany by\u0142 z Pu\u0142tuskiem. Tu ucz\u0119szcza\u0142 do szko\u0142y, a wiele utwor\u00f3w po\u015bwi\u0119ci\u0142 Pu\u0142tuskowi. W s\u0142awnej \u201eOdzie do Narwi\u201d tak pisa\u0142:<\/p>\n\n\n\n<p>\u201eNarwi rzeko. Tum w najpierwszej<br>Niemowl\u0119ctwa \u015bpiewa\u0142 porze.<br>Tum najra\u0144sz\u0105 sw\u0105 piosenk\u0119,<br>Na wi\u0105zowej wyry\u0142 korze.<br>P\u00f3ki jeszcze nie zaros\u0142a<br>Kora rylcem zadra\u015bni\u0119ta,<br>Niech si\u0119 pie\u015bni mej wyucz\u0105<br>I dziewice i ch\u0142opi\u0119ta.\u201d<\/p>\n\n\n\n<p>Poeta zmar\u0142 w dniu 2 kwietnia 1640 roku w Warszawie. W pu\u0142tuskim ko\u015bciele szkolnym znajduje si\u0119 epitafium po\u015bwi\u0119cone Sarbiewskiemu.<\/p>\n\n\n\n<p>&#8211; 26 lutego 1928 roku w pu\u0142tuskim teatrze odby\u0142a si\u0119 akademia zwi\u0105zana z jubileuszem 50-lecia kap\u0142a\u0144stwa papie\u017ca Piusa XI. Okoliczno\u015bciowe przem\u00f3wienie wyg\u0142osi\u0142 ks. pra\u0142at J\u00f3zef Michnikowski. W cz\u0119\u015bci artystycznej wyst\u0105pi\u0142 ch\u00f3r parafialny, kt\u00f3rym kierowa\u0142 organista Stanis\u0142aw Dziedzicki oraz orkiestra 13 pu\u0142ku piechoty pod batut\u0105 kapelmistrza Micha\u0142a Urba\u0144skiego.<\/p>\n\n\n\n<p>&#8211; 28 lutego 1941 roku w Serocku, powiat pu\u0142tuski, mia\u0142a miejsce masowa egzekucja dokonana przez w\u0142adze hitlerowskie. W egzekucji \u015bmier\u0107 ponie\u015bli: Stanis\u0142aw i Zygmunt Przybyszowie ze wsi Swi\u0119ciennica, Marian, Czes\u0142aw i Henryk K\u0119pscy ze wsi D\u0105browa, Czes\u0142aw Michalik i Marian Soba\u0144ski z Piskorni, Kazimierz Barszczewski ze Smogorzewa, Marian Zalewski z Ludwinowa, W\u0142adys\u0142aw Gmitrzak z Serocka i Stefan Grymcza\u0144ski z Warszawy. Kilku z rozstrzelanych by\u0142o absolwentami pu\u0142tuskiego gimnazjum im. Piotra Skargi.<\/p>\n\n\n\n<p>\u201e<em><strong>Z notatnika archiwisty\u201d<\/strong><\/em><br><em><strong>Pu\u0142tuska Gazeta Powiatowa, nr 6, 6 lutego 2001 r.<\/strong><\/em><\/p>\n","protected":false},"excerpt":{"rendered":"<p>\u201eNasze rocznice\u201d, to cykl felieton\u00f3w, publikowanych w ramach rubryki \u201eZ notatnika archiwisty\u201d na \u0142amach Pu\u0142tuskiej Gazety Powiatowej, ukazuj\u0105cej si\u0119 od 2000 roku. Autorem felieton\u00f3w i redaktorem rubryki by\u0142 Miron Owsiewski, wieloletni dyrektor pu\u0142tuskiego oddzia\u0142u Archiwum Pa\u0144stwowego w Warszawie. Cykl, ukazuj\u0105cy si\u0119 w ostatnim wydaniu gazety ka\u017cdego miesi\u0105ca, opisywa\u0142 najwa\u017cniejsze rocznice wydarze\u0144 i fakt\u00f3w z \u017cycia &#8230; <a title=\"Lutowe rocznice\" class=\"read-more\" href=\"https:\/\/historia.pultusk24.pl\/?p=380\" aria-label=\"More on Lutowe rocznice\">Czytaj dalej<\/a><\/p>\n","protected":false},"author":1,"featured_media":0,"comment_status":"closed","ping_status":"closed","sticky":false,"template":"","format":"standard","meta":{"footnotes":""},"categories":[4],"tags":[],"class_list":["post-380","post","type-post","status-publish","format-standard","hentry","category-z-notatnika-archiwisty"],"_links":{"self":[{"href":"https:\/\/historia.pultusk24.pl\/index.php?rest_route=\/wp\/v2\/posts\/380","targetHints":{"allow":["GET"]}}],"collection":[{"href":"https:\/\/historia.pultusk24.pl\/index.php?rest_route=\/wp\/v2\/posts"}],"about":[{"href":"https:\/\/historia.pultusk24.pl\/index.php?rest_route=\/wp\/v2\/types\/post"}],"author":[{"embeddable":true,"href":"https:\/\/historia.pultusk24.pl\/index.php?rest_route=\/wp\/v2\/users\/1"}],"replies":[{"embeddable":true,"href":"https:\/\/historia.pultusk24.pl\/index.php?rest_route=%2Fwp%2Fv2%2Fcomments&post=380"}],"version-history":[{"count":1,"href":"https:\/\/historia.pultusk24.pl\/index.php?rest_route=\/wp\/v2\/posts\/380\/revisions"}],"predecessor-version":[{"id":381,"href":"https:\/\/historia.pultusk24.pl\/index.php?rest_route=\/wp\/v2\/posts\/380\/revisions\/381"}],"wp:attachment":[{"href":"https:\/\/historia.pultusk24.pl\/index.php?rest_route=%2Fwp%2Fv2%2Fmedia&parent=380"}],"wp:term":[{"taxonomy":"category","embeddable":true,"href":"https:\/\/historia.pultusk24.pl\/index.php?rest_route=%2Fwp%2Fv2%2Fcategories&post=380"},{"taxonomy":"post_tag","embeddable":true,"href":"https:\/\/historia.pultusk24.pl\/index.php?rest_route=%2Fwp%2Fv2%2Ftags&post=380"}],"curies":[{"name":"wp","href":"https:\/\/api.w.org\/{rel}","templated":true}]}}