{"id":401,"date":"2021-03-01T09:02:30","date_gmt":"2021-03-01T08:02:30","guid":{"rendered":"http:\/\/historia.pultusk24.pl\/?p=401"},"modified":"2021-03-01T09:02:31","modified_gmt":"2021-03-01T08:02:31","slug":"marcowe-rocznice","status":"publish","type":"post","link":"https:\/\/historia.pultusk24.pl\/?p=401","title":{"rendered":"Marcowe rocznice"},"content":{"rendered":"\n<p><strong>W kolejnej ods\u0142onie \u201eZ notatnika archiwisty\u201d, autorstwa Mirona Owsiewskiego, przypominamy r\u00f3\u017cne wydarzenie, kt\u00f3re mia\u0142y miejsce w marcu:<\/strong><\/p>\n\n\n\n<p>&#8211; 1 marca 1960 roku nast\u0105pi\u0142o uruchomieni Fabryki Papieru i Celulozy w Ostro\u0142\u0119ce. Jak pisa\u0142a w\u00f3wczas prasa: \u201eby\u0142a to jedna z najwi\u0119kszych i najnowocze\u015bniejszych fabryk w Europie\u201d. W zak\u0142adzie znalaz\u0142o te\u017c zatrudnienie wielu pu\u0142tuszczan. Ale nadto zak\u0142ad ten systematycznie zatruwa\u0142 nasz\u0105 pi\u0119kn\u0105 Narew.<\/p>\n\n\n\n<p>&#8211; 3 i 4 marca 1905 roku m\u0142odzie\u017c pu\u0142tuskiego gimnazjum og\u0142asza strajk uczniowski. Strajkuj\u0105cy uczniowie poparli \u017c\u0105dania ludno\u015bci powiatu pu\u0142tuskiego w sprawie wprowadzenia j\u0119zyka polskiego jako j\u0119zyka obowi\u0105zuj\u0105cego w szko\u0142ach i urz\u0119dach. W\u0142adze carskie w tym zakresie posz\u0142y na do\u015b\u0107 powa\u017cne ust\u0119pstwa.<\/p>\n\n\n\n<p>&#8211; 12 marca 1945 roku w Pu\u0142tuski mia\u0142a miejsce uroczysta inauguracja pierwszego powojennego roku szkolnego. Ale m\u0142odzie\u017c do szk\u00f3\u0142 przychodzi\u0142a bez podr\u0119cznik\u00f3w i zeszyt\u00f3w. W wielu przypadkach dzieci przynosi\u0142y ze sob\u0105 do szko\u0142y sto\u0142ki do siedzenia, z braku \u0142awek w szkole. Jedna z pierwszych szk\u00f3\u0142 podstawowych zorganizowana zosta\u0142a w budynku po by\u0142ej szkole handlowej, znajduj\u0105cej si\u0119 przy ul. Marsza\u0142ka J\u00f3zefa Pi\u0142sudskiego (dzisiejsza Aleja Wojska Polskiego).<\/p>\n\n\n\n<p>&#8211; 16 marca 1970 roku zmar\u0142 Jerzy Szaniawski, pisarz i dramaturg z Zegrzynka. W okresie mi\u0119dzywojennym bardzo cz\u0119sto jego sztuki wystawiano w pu\u0142tuskim teatrze. Mianowicie 1 i 2 wrze\u015bnia 1923 roku wystawiono sztuk\u0119 \u201ePapierowy kochanek\u201d. Dnia 16 marca 1924 roku wystawiono sztuk\u0119 \u201ePtak\u201d, a 2 maja 1931 roku sztuk\u0119 \u201eAdwokat i r\u00f3\u017ce\u201d. Pisarz w okresie mi\u0119dzywojennym \u017cywo interesowa\u0142 si\u0119 Pu\u0142tuskie, gdy\u017c jego miejsce zamieszkania \u2013 Zegrzynek \u2013 wchodzi\u0142o w sk\u0142ad naszego powiatu.<\/p>\n\n\n\n<p>&#8211; 17 marca 1922 roku w pu\u0142tuskim teatrze odby\u0142a si\u0119 akademia z okazji uchwalenia konstytucji marcowej. Po odczycie prof. Jana Wilka z Pa\u0144stwowego Seminarium Nauczycielskiego, zesp\u00f3\u0142 teatralny miejscowych artyst\u00f3w wystawi\u0142 sztuk\u0119 J\u00f3zefa Brzezi\u0144skiego \u201eMarcowy kawaler\u201d. W antraktach przygrywa\u0142a orkiestra 13 pu\u0142ku piechoty.<\/p>\n\n\n\n<p>&#8211; 29 marca 1991 roku na mocy bulli papieskiej \u201eTotus Tuus Poloniae Populus\u201d zorganizowano w naszym kraju 13 archidiecezji i 40 diecezji. Pu\u0142tusk zaliczono do diecezji p\u0142ockiej.<\/p>\n\n\n\n<p><em><strong>&#8222;Z notatnika archiwisty&#8221;<br>Pu\u0142tuska Gazeta Powiatowa, 6 marca 2001 r.<\/strong><\/em><\/p>\n","protected":false},"excerpt":{"rendered":"<p>W kolejnej ods\u0142onie \u201eZ notatnika archiwisty\u201d, autorstwa Mirona Owsiewskiego, przypominamy r\u00f3\u017cne wydarzenie, kt\u00f3re mia\u0142y miejsce w marcu: &#8211; 1 marca 1960 roku nast\u0105pi\u0142o uruchomieni Fabryki Papieru i Celulozy w Ostro\u0142\u0119ce. Jak pisa\u0142a w\u00f3wczas prasa: \u201eby\u0142a to jedna z najwi\u0119kszych i najnowocze\u015bniejszych fabryk w Europie\u201d. W zak\u0142adzie znalaz\u0142o te\u017c zatrudnienie wielu pu\u0142tuszczan. Ale nadto zak\u0142ad ten &#8230; <a title=\"Marcowe rocznice\" class=\"read-more\" href=\"https:\/\/historia.pultusk24.pl\/?p=401\" aria-label=\"More on Marcowe rocznice\">Czytaj dalej<\/a><\/p>\n","protected":false},"author":1,"featured_media":0,"comment_status":"closed","ping_status":"closed","sticky":false,"template":"","format":"standard","meta":{"footnotes":""},"categories":[4],"tags":[],"class_list":["post-401","post","type-post","status-publish","format-standard","hentry","category-z-notatnika-archiwisty"],"_links":{"self":[{"href":"https:\/\/historia.pultusk24.pl\/index.php?rest_route=\/wp\/v2\/posts\/401","targetHints":{"allow":["GET"]}}],"collection":[{"href":"https:\/\/historia.pultusk24.pl\/index.php?rest_route=\/wp\/v2\/posts"}],"about":[{"href":"https:\/\/historia.pultusk24.pl\/index.php?rest_route=\/wp\/v2\/types\/post"}],"author":[{"embeddable":true,"href":"https:\/\/historia.pultusk24.pl\/index.php?rest_route=\/wp\/v2\/users\/1"}],"replies":[{"embeddable":true,"href":"https:\/\/historia.pultusk24.pl\/index.php?rest_route=%2Fwp%2Fv2%2Fcomments&post=401"}],"version-history":[{"count":1,"href":"https:\/\/historia.pultusk24.pl\/index.php?rest_route=\/wp\/v2\/posts\/401\/revisions"}],"predecessor-version":[{"id":402,"href":"https:\/\/historia.pultusk24.pl\/index.php?rest_route=\/wp\/v2\/posts\/401\/revisions\/402"}],"wp:attachment":[{"href":"https:\/\/historia.pultusk24.pl\/index.php?rest_route=%2Fwp%2Fv2%2Fmedia&parent=401"}],"wp:term":[{"taxonomy":"category","embeddable":true,"href":"https:\/\/historia.pultusk24.pl\/index.php?rest_route=%2Fwp%2Fv2%2Fcategories&post=401"},{"taxonomy":"post_tag","embeddable":true,"href":"https:\/\/historia.pultusk24.pl\/index.php?rest_route=%2Fwp%2Fv2%2Ftags&post=401"}],"curies":[{"name":"wp","href":"https:\/\/api.w.org\/{rel}","templated":true}]}}