{"id":426,"date":"2021-03-16T09:36:02","date_gmt":"2021-03-16T08:36:02","guid":{"rendered":"http:\/\/historia.pultusk24.pl\/?p=426"},"modified":"2021-04-01T13:30:05","modified_gmt":"2021-04-01T11:30:05","slug":"13-pulk-piechoty-100-lat-temu-przybyl-do-pultuska","status":"publish","type":"post","link":"https:\/\/historia.pultusk24.pl\/?p=426","title":{"rendered":"13 Pu\u0142k Piechoty \u2013 100 lat temu przyby\u0142 do Pu\u0142tuska"},"content":{"rendered":"\n<p style=\"text-align: justify;\"><strong>Sto lat temu \u2013 w marcu 1921 roku do Pu\u0142tuska przybyli \u017co\u0142nierze 13 pu\u0142ku piechoty. Nasze miasta mia\u0142o by\u0107 od tego czasu tak\u017ce ich miastem garnizonowym. Stacjonowali w pu\u0142tuskich koszarach do wrze\u015bnia 1939 roku.<\/strong><\/p>\n\n\n\n<div class=\"wp-block-image\"><figure class=\"alignleft size-full is-resized\"><img fetchpriority=\"high\" decoding=\"async\" src=\"https:\/\/historia.pultusk24.pl\/wp-content\/uploads\/2021\/03\/13-pulk-piechoty-grudzien-1918-Krakow-scaled.jpg\" alt=\"\" class=\"wp-image-427\" width=\"803\" height=\"520\" srcset=\"https:\/\/historia.pultusk24.pl\/wp-content\/uploads\/2021\/03\/13-pulk-piechoty-grudzien-1918-Krakow-scaled.jpg 2560w, https:\/\/historia.pultusk24.pl\/wp-content\/uploads\/2021\/03\/13-pulk-piechoty-grudzien-1918-Krakow-300x195.jpg 300w, https:\/\/historia.pultusk24.pl\/wp-content\/uploads\/2021\/03\/13-pulk-piechoty-grudzien-1918-Krakow-1024x664.jpg 1024w, https:\/\/historia.pultusk24.pl\/wp-content\/uploads\/2021\/03\/13-pulk-piechoty-grudzien-1918-Krakow-768x498.jpg 768w, https:\/\/historia.pultusk24.pl\/wp-content\/uploads\/2021\/03\/13-pulk-piechoty-grudzien-1918-Krakow-1536x996.jpg 1536w, https:\/\/historia.pultusk24.pl\/wp-content\/uploads\/2021\/03\/13-pulk-piechoty-grudzien-1918-Krakow-2048x1328.jpg 2048w\" sizes=\"(max-width: 803px) 100vw, 803px\" \/><figcaption>13 Pu\u0142k Piechoty tu\u017c przed wymarszem z Krakowa na front ukrai\u0144ski w grudniu 1918 roku (z albumu &#8222;13 Pu\u0142k Piechoty. Wpisani w pu\u0142tuski krajobraz&#8221;)<\/figcaption><\/figure><\/div>\n\n\n\n<p style=\"text-align: justify;\">Pu\u0142tuski pu\u0142k ma rodow\u00f3d galicyjski. W Krakowie przed I wojn\u0105 \u015bwiatow\u0105 stacjonowa\u0142 austriacki 13 pu\u0142k piechoty. Niemal w 90% sk\u0142ada\u0142 on si\u0119 z galicyjskich Polak\u00f3w i m\u00f3wiono o nich \u201edzieci Krakowa\u201d. Bra\u0142 on udzia\u0142 w walkach z Rosjanami w latach 1914 \u2013 1915 i mi\u0119dzy innymi pod Rara\u0144cz\u0105 i Rokitn\u0105 walczy\u0142 wsp\u00f3lnie z II Brygad\u0105 Legion\u00f3w.<br>Kiedy pod koniec pa\u017adziernika 1918 roku monarchia austriacka chyli\u0142a si\u0119 ku upadkowi, oficerowie i \u017co\u0142nierze 13 pu\u0142ku byli wtajemniczeni w konspiracyjne przygotowania POW. Gdy w ostatnich dniach pa\u017adziernika 1918 roku w Krakowie nasta\u0142a wolno\u015b\u0107 natychmiast podj\u0119to decyzj\u0119 o tworzeniu oddzia\u0142\u00f3w wojskowych gotowych jej broni\u0107. Z oddzia\u0142\u00f3w dawnych austriackich 13, a tak\u017ce 20, 57 i 113 pu\u0142k\u00f3w, peowiak\u00f3w i by\u0142ych legionist\u00f3w utworzono 8 pu\u0142k piechoty. Jego \u017co\u0142nierze przysi\u0119g\u0119 wierno\u015bci Polsce sk\u0142adali na Wawelu.<\/p>\n\n\n\n<figure class=\"wp-block-image size-large is-resized\"><img decoding=\"async\" src=\"https:\/\/historia.pultusk24.pl\/wp-content\/uploads\/2021\/03\/Scan10169-1024x771.jpg\" alt=\"\" class=\"wp-image-428\" width=\"801\" height=\"604\" srcset=\"https:\/\/historia.pultusk24.pl\/wp-content\/uploads\/2021\/03\/Scan10169-1024x771.jpg 1024w, https:\/\/historia.pultusk24.pl\/wp-content\/uploads\/2021\/03\/Scan10169-300x226.jpg 300w, https:\/\/historia.pultusk24.pl\/wp-content\/uploads\/2021\/03\/Scan10169-768x578.jpg 768w, https:\/\/historia.pultusk24.pl\/wp-content\/uploads\/2021\/03\/Scan10169-1536x1157.jpg 1536w, https:\/\/historia.pultusk24.pl\/wp-content\/uploads\/2021\/03\/Scan10169.jpg 2008w\" sizes=\"(max-width: 801px) 100vw, 801px\" \/><figcaption>Przysi\u0119ga oddzia\u0142\u00f3w garnizonu krakowskiego, w tym \u017co\u0142nierzy 13 pu\u0142ku, na Wawelu w listopadzie 1918 roku (z albumu &#8222;13 Pu\u0142k Piechoty. Wpisani w pu\u0142tuski krajobraz&#8221;)<\/figcaption><\/figure>\n\n\n\n<p style=\"text-align: justify;\">Szybko trzeba by\u0142o o Polsk\u0119 walczy\u0107. Z najlepszych i najbardziej przygotowanych \u017co\u0142nierzy utworzono w grudniu 1918 roku oddzia\u0142 wydzielony, kt\u00f3ry wys\u0142any zosta\u0142 na pomoc obro\u0144com Lwowa. Chrzest bojowy oddzia\u0142 przeszed\u0142 10 stycznia 1919 roku pod Gr\u00f3dkiem Jagiello\u0144skim. Potem trzeba by\u0142o walczy\u0107 Ukrai\u0144cami pod Kiernick\u0105 i Lubieniem Wielkim.<br \/>Kiedy 23 stycznia 1919 roku wojska czeskie zaatakowa\u0142y \u015al\u0105sk Cieszy\u0144ski, Polacy stawili twardy op\u00f3r. Na pomoc wys\u0142ane zosta\u0142y mi\u0119dzy innymi oddzia\u0142y 8 Pu\u0142ku z Krakowa. W kr\u00f3tkich walkach z Czechami bronili one prawa Polski do polskich ziem.<br \/>Na pocz\u0105tku lutego intensywnie reorganizowano wojsko polskie, integruj\u0105c oddzia\u0142y z r\u00f3\u017cnych dzielnic kraju. To wtedy Sztab Generalny przemianowa\u0142 8 pu\u0142k piechoty na 13 pu\u0142k piechoty. Cz\u0119\u015b\u0107 pu\u0142ku walczy\u0142a wtedy na froncie ukrai\u0144skim pod Horodyszczami, Rohatynem i pod Tarnopolem. To o nich p\u0142k W\u0142adys\u0142aw Sikorski napisa\u0142 w rozkazie po\u017cegnalnym, \u017ce byli \u201eprzyk\u0142adem \u017co\u0142nierskiego hartu\u201d i wykazali \u201enacechowan\u0105 zapa\u0142em i umiej\u0119tno\u015bci\u0105 dzia\u0142alno\u015b\u0107 na polach bitew oraz nieska\u017con\u0105 niczem wzorow\u0105 dyscyplin\u0119\u201d.<br \/>Latem 1919 roku pu\u0142k by\u0142 ju\u017c w ca\u0142o\u015bci na froncie bolszewickim i broni\u0142 przepraw nad nad Berezyn\u0105. Pod koniec roku liczy\u0142 44 oficer\u00f3w i 2300 szeregowc\u00f3w i zajmowa\u0142 stanowiska pod Uszaczem.<br \/>W czasie ofensywy Tuchaczewskiego pu\u0142k toczy\u0142 walki obronne pod S\u0142ob\u00f3dk\u0105, Duni\u0142owiczami, Kozianami, na linii Niemna, pod Supra\u015blem, na linii Bugu, a 13 sierpnia zaj\u0105\u0142 pozycj\u0119 pod Rembertowem. Dalej ju\u017c si\u0119 nie cofn\u0105\u0142, a wr\u0119cz przeciwnie \u2013 18 sierpnia \u017co\u0142nierze pu\u0142ku ruszyli w pogo\u0144 za uciekaj\u0105cym wrogiem.<br \/>W wrze\u015bniu pu\u0142k przerzucono na front po\u0142udniowo \u2013 wschodni. Tam, pod Dytiatynem, 16 wrze\u015bnia pu\u0142k stoczy\u0142 jedn\u0105 z najbardziej dramatycznych bitew tej wojny. Wzg\u00f3rza 385 broni\u0142o, zagradzaj\u0105c tysi\u0105com wrog\u00f3w drog\u0119 odwrotu, niespe\u0142na dwustu \u017co\u0142nierzy. 97 z nich poleg\u0142o, a 86 odnios\u0142o rany. Wkr\u00f3tce wzg\u00f3rze dytjaty\u0144skie nazwano \u201epolskimi Termopilami\u201d.<br \/>Na froncie na Ukrainie pu\u0142k zasta\u0142o zawieszenie broni. Na pokojow\u0105 kwater\u0119 wybrano dla pu\u0142ku Pu\u0142tusk. W marcu 1921 roku pu\u0142k przyby\u0142 do naszego miasta.<\/p>\n\n\n\n<p class=\"has-text-align-right\"><em><strong>Grzegorz Hubert Gerek<\/strong><\/em><\/p>\n\n\n\n<p class=\"has-text-align-right\"><a href=\"mailto:grzegorz.gerek@pultusk24.pl\" target=\"_blank\" rel=\"noreferrer noopener\">grzegorz.gerek@pultusk24.pl<\/a><\/p>\n","protected":false},"excerpt":{"rendered":"<p>Sto lat temu \u2013 w marcu 1921 roku do Pu\u0142tuska przybyli \u017co\u0142nierze 13 pu\u0142ku piechoty. Nasze miasta mia\u0142o by\u0107 od tego czasu tak\u017ce ich miastem garnizonowym. Stacjonowali w pu\u0142tuskich koszarach do wrze\u015bnia 1939 roku. Pu\u0142tuski pu\u0142k ma rodow\u00f3d galicyjski. W Krakowie przed I wojn\u0105 \u015bwiatow\u0105 stacjonowa\u0142 austriacki 13 pu\u0142k piechoty. Niemal w 90% sk\u0142ada\u0142 on &#8230; <a title=\"13 Pu\u0142k Piechoty \u2013 100 lat temu przyby\u0142 do Pu\u0142tuska\" class=\"read-more\" href=\"https:\/\/historia.pultusk24.pl\/?p=426\" aria-label=\"More on 13 Pu\u0142k Piechoty \u2013 100 lat temu przyby\u0142 do Pu\u0142tuska\">Czytaj dalej<\/a><\/p>\n","protected":false},"author":1,"featured_media":427,"comment_status":"closed","ping_status":"closed","sticky":false,"template":"","format":"standard","meta":{"footnotes":""},"categories":[3],"tags":[],"class_list":["post-426","post","type-post","status-publish","format-standard","has-post-thumbnail","hentry","category-13-pulk-piechoty","resize-featured-image"],"_links":{"self":[{"href":"https:\/\/historia.pultusk24.pl\/index.php?rest_route=\/wp\/v2\/posts\/426","targetHints":{"allow":["GET"]}}],"collection":[{"href":"https:\/\/historia.pultusk24.pl\/index.php?rest_route=\/wp\/v2\/posts"}],"about":[{"href":"https:\/\/historia.pultusk24.pl\/index.php?rest_route=\/wp\/v2\/types\/post"}],"author":[{"embeddable":true,"href":"https:\/\/historia.pultusk24.pl\/index.php?rest_route=\/wp\/v2\/users\/1"}],"replies":[{"embeddable":true,"href":"https:\/\/historia.pultusk24.pl\/index.php?rest_route=%2Fwp%2Fv2%2Fcomments&post=426"}],"version-history":[{"count":10,"href":"https:\/\/historia.pultusk24.pl\/index.php?rest_route=\/wp\/v2\/posts\/426\/revisions"}],"predecessor-version":[{"id":451,"href":"https:\/\/historia.pultusk24.pl\/index.php?rest_route=\/wp\/v2\/posts\/426\/revisions\/451"}],"wp:featuredmedia":[{"embeddable":true,"href":"https:\/\/historia.pultusk24.pl\/index.php?rest_route=\/wp\/v2\/media\/427"}],"wp:attachment":[{"href":"https:\/\/historia.pultusk24.pl\/index.php?rest_route=%2Fwp%2Fv2%2Fmedia&parent=426"}],"wp:term":[{"taxonomy":"category","embeddable":true,"href":"https:\/\/historia.pultusk24.pl\/index.php?rest_route=%2Fwp%2Fv2%2Fcategories&post=426"},{"taxonomy":"post_tag","embeddable":true,"href":"https:\/\/historia.pultusk24.pl\/index.php?rest_route=%2Fwp%2Fv2%2Ftags&post=426"}],"curies":[{"name":"wp","href":"https:\/\/api.w.org\/{rel}","templated":true}]}}