{"id":462,"date":"2021-04-01T13:32:54","date_gmt":"2021-04-01T11:32:54","guid":{"rendered":"http:\/\/historia.pultusk24.pl\/?p=462"},"modified":"2021-04-01T13:32:55","modified_gmt":"2021-04-01T11:32:55","slug":"kwietniowe-rocznice","status":"publish","type":"post","link":"https:\/\/historia.pultusk24.pl\/?p=462","title":{"rendered":"Kwietniowe rocznice"},"content":{"rendered":"\n<p><strong>Czas na wspomnienie wszystkich kwietniowych wydarze\u0144, jakie mia\u0142y miejsce w Pu\u0142tusku<\/strong>.<\/p>\n\n\n\n<p>&#8211; 1 kwietnia 1952 roku w kraju wprowadzono w restauracjach obowi\u0105zek wydawania da\u0144 mi\u0119snych, wy\u0142\u0105cznie na kartki \u017cywno\u015bciowe. W zwi\u0105zku z tym mo\u017cna sobie wyobrazi\u0107, jak przebiega\u0142a dyskusja w pu\u0142tuskich restauracjach, podczas zamawiania posi\u0142k\u00f3w, czy te\u017c popularnych zak\u0105sek.<\/p>\n\n\n\n<p>&#8211; 3 kwietnia 1981 roku w pu\u0142tuskich kioskach ukazuje si\u0119 pierwszy numer tygodnika \u201eSolidarno\u015b\u0107\u201d. Redaktorem naczelnym poczytnego w\u00f3wczas tygodnika by\u0142 znany polityk i publicysta Tadeusz Mazowiecki.<\/p>\n\n\n\n<p>&#8211; 5 kwietnia 1976 roku o godzinie 19, wezbrane wody rzeki Narwi przerwa\u0142y wa\u0142 przeciwpowodziowy na Rybitwi, na p\u00f3\u0142nocnym jego odcinku. Olbrzymia, 3-metrowa fala wody wdar\u0142a si\u0119 na \u0142\u0105ki Rybitwi, a nast\u0119pnie zatopi\u0142a miasto, kt\u00f3re przez kilka lat leczy\u0142o straty powodziowe. Dzi\u015b t\u0119 pow\u00f3d\u017a przypominaj\u0105 zamontowane na budynkach tabliczki.<\/p>\n\n\n\n<p>&#8211; 6 kwietnia 1940 roku w Pu\u0142tusku, miejscowy oddzia\u0142 gestapo aresztowa\u0142 wszystkich oficer\u00f3w Wojska Polskiego, kt\u00f3rzy powr\u00f3cili z kampanii wrze\u015bniowej. Poza oficerami aresztowano te\u017c pracownik\u00f3w starostwa, kierownik\u00f3w r\u00f3\u017cnych instytucji oraz nauczycieli. Aresztowanych wywieziono do oboz\u00f3w koncentracyjnych, sk\u0105d do dom\u00f3w po wojnie powr\u00f3cili tylko nieliczni.<\/p>\n\n\n\n<p>&#8211; 8 kwietnia 1943 roku gestapo z Nowego Dworu przeprowadzi\u0142o aresztowania w\u015br\u00f3d cz\u0142onk\u00f3w organizacji podziemnej, dzia\u0142aj\u0105cej na terenie Nasielska. Og\u00f3\u0142em aresztowano 20 os\u00f3b, w wi\u0119kszo\u015bci cz\u0142onk\u00f3w AK. W\u015br\u00f3d zatrzymanych byli nauczyciele i urz\u0119dnicy. Zatrzymanych odwiedziono do oboz\u00f3w koncentracyjnych.<\/p>\n\n\n\n<p>&#8211; 24 kwietnia 1952 roku wprowadzono w kraju obowi\u0105zkowe dostawy mleka. W powiecie pu\u0142tuskim przetw\u00f3rstwem dostarczanego przez rolnik\u00f3w mleka zajmowa\u0142y si\u0119 okr\u0119gowe sp\u00f3\u0142dzielnie mleczarskie, znajduj\u0105ce si\u0119 w \u0141ubienicy i Nasielsku. Oczywi\u015bcie przetw\u00f3rstwo prowadzone by\u0142o wed\u0142ug przedwojennej starej technologii.<\/p>\n\n\n\n<p>&#8211; 25 kwietnia 1964 roku mia\u0142 miejsce w Pu\u0142tusku pierwszy zorganizowany przez telewizj\u0119 turniej miast. Zmaga\u0142y si\u0119 pomi\u0119dzy sob\u0105 powiatowe miasta: Ciechan\u00f3w i Pu\u0142tusk. Podstawowe konkurencje przeprowadzone zosta\u0142y na pi\u0119knie udekorowanym rynku. W pocz\u0105tkowym okresie turnieju miasta sz\u0142y \u2013 jak to si\u0119 m\u00f3wi \u2013 \u201e\u0142eb w \u0142eb\u201d. Dopiero w ko\u0144c\u00f3wce konkurencje rolnicze przechyli\u0142y szal\u0119 zwyci\u0119stwa na rzecz Pu\u0142tuska. Zaprezentowane przez pu\u0142tuskich rolnik\u00f3w byd\u0142o i zwierz\u0119ta rozp\u0142odowe wzbudzi\u0142y zachwyt cz\u0142onk\u00f3w komisji i miejscowego spo\u0142ecze\u0144stwa, czym przekroczy\u0142y punktowo zwierz\u0119ta z Ciechanowa. Og\u00f3\u0142em Pu\u0142tusk zdoby\u0142 19 punkt\u00f3w, zwyci\u0119\u017caj\u0105c Ciechan\u00f3w, kt\u00f3ry zdoby\u0142 tylko 14 punkt\u00f3w.<\/p>\n\n\n\n<p>&#8211; 28 kwietnia 1983 roku nast\u0105pi\u0142o uroczyste ods\u0142oni\u0119cie tablicy pami\u0105tkowej na budynku przedszkola ulicy Ko\u015bciuszki, w kt\u00f3rym za okupacji mie\u015bci\u0142 si\u0119 ob\u00f3z pracy, tak zwany \u201eArbeiserziehungslager\u201d. Du\u017ca grup\u0119 os\u00f3b w tym obozie stanowi\u0142y osoby zatrzymane podczas przekraczania granicy pod Pniewem. Wi\u0119\u017ani\u00f3w zatrudniano przy robotach drogowych, wywo\u017c\u0105c co tydzie\u0144 transport do oboz\u00f3w w Pomiech\u00f3wku i Dzia\u0142dowie.<\/p>\n\n\n\n<p>&#8211; 30 kwietnia 1947 roku wyprodukowano pierwszy po wojnie traktor \u201eUrsus\u201d. W naszym powiecie w pracy na roli dominowa\u0142y tylko konie. Min\u0119\u0142o jeszcze kilka lat, nim w Pu\u0142tusku pojawi\u0142 si\u0119 pierwszy traktor \u201eUrsus\u201d.<\/p>\n\n\n\n<p><em><strong>Miron Owsiewski<\/strong><\/em><br>\u201e<em><strong>Z notatnika archiwisty\u201d<\/strong><\/em><br><em><strong>Pu\u0142tuska Gazeta Powiatowa nr 14, 3 kwietnia 2001 r.<\/strong><\/em><\/p>\n","protected":false},"excerpt":{"rendered":"<p>Czas na wspomnienie wszystkich kwietniowych wydarze\u0144, jakie mia\u0142y miejsce w Pu\u0142tusku. &#8211; 1 kwietnia 1952 roku w kraju wprowadzono w restauracjach obowi\u0105zek wydawania da\u0144 mi\u0119snych, wy\u0142\u0105cznie na kartki \u017cywno\u015bciowe. W zwi\u0105zku z tym mo\u017cna sobie wyobrazi\u0107, jak przebiega\u0142a dyskusja w pu\u0142tuskich restauracjach, podczas zamawiania posi\u0142k\u00f3w, czy te\u017c popularnych zak\u0105sek. &#8211; 3 kwietnia 1981 roku w &#8230; <a title=\"Kwietniowe rocznice\" class=\"read-more\" href=\"https:\/\/historia.pultusk24.pl\/?p=462\" aria-label=\"More on Kwietniowe rocznice\">Czytaj dalej<\/a><\/p>\n","protected":false},"author":1,"featured_media":0,"comment_status":"closed","ping_status":"closed","sticky":false,"template":"","format":"standard","meta":{"footnotes":""},"categories":[4],"tags":[],"class_list":["post-462","post","type-post","status-publish","format-standard","hentry","category-z-notatnika-archiwisty"],"_links":{"self":[{"href":"https:\/\/historia.pultusk24.pl\/index.php?rest_route=\/wp\/v2\/posts\/462","targetHints":{"allow":["GET"]}}],"collection":[{"href":"https:\/\/historia.pultusk24.pl\/index.php?rest_route=\/wp\/v2\/posts"}],"about":[{"href":"https:\/\/historia.pultusk24.pl\/index.php?rest_route=\/wp\/v2\/types\/post"}],"author":[{"embeddable":true,"href":"https:\/\/historia.pultusk24.pl\/index.php?rest_route=\/wp\/v2\/users\/1"}],"replies":[{"embeddable":true,"href":"https:\/\/historia.pultusk24.pl\/index.php?rest_route=%2Fwp%2Fv2%2Fcomments&post=462"}],"version-history":[{"count":1,"href":"https:\/\/historia.pultusk24.pl\/index.php?rest_route=\/wp\/v2\/posts\/462\/revisions"}],"predecessor-version":[{"id":463,"href":"https:\/\/historia.pultusk24.pl\/index.php?rest_route=\/wp\/v2\/posts\/462\/revisions\/463"}],"wp:attachment":[{"href":"https:\/\/historia.pultusk24.pl\/index.php?rest_route=%2Fwp%2Fv2%2Fmedia&parent=462"}],"wp:term":[{"taxonomy":"category","embeddable":true,"href":"https:\/\/historia.pultusk24.pl\/index.php?rest_route=%2Fwp%2Fv2%2Fcategories&post=462"},{"taxonomy":"post_tag","embeddable":true,"href":"https:\/\/historia.pultusk24.pl\/index.php?rest_route=%2Fwp%2Fv2%2Ftags&post=462"}],"curies":[{"name":"wp","href":"https:\/\/api.w.org\/{rel}","templated":true}]}}