{"id":481,"date":"2021-04-30T09:27:34","date_gmt":"2021-04-30T07:27:34","guid":{"rendered":"http:\/\/historia.pultusk24.pl\/?p=481"},"modified":"2021-04-30T09:27:36","modified_gmt":"2021-04-30T07:27:36","slug":"majowe-rocznice","status":"publish","type":"post","link":"https:\/\/historia.pultusk24.pl\/?p=481","title":{"rendered":"Majowe rocznice"},"content":{"rendered":"\n<p><strong>Dzi\u015b przypominamy kalendarium najwa\u017cniejszych majowych wydarze\u0144, jakie mia\u0142y miejsce w Pu\u0142tusku.<\/strong><\/p>\n\n\n\n<p>&#8211; 15 maja 1910 roku nast\u0105pi\u0142o uroczyste oddanie do u\u017cytku budynku pu\u0142tuskiego teatru. Projekt budynku opracowa\u0142 in\u017c. arch. J\u00f3zef Sandecki. W dniu otwarcia pu\u0142tuscy arty\u015bci wystawili sztuk\u0119 Henryka Sienkiewicza \u201eNa jedn\u0105 kart\u0119\u201d. Budynek wystawiono na \u015brodki spo\u0142eczne w bardzo kr\u00f3tkim czasie.<br>&#8211; 31 maja 1914 roku rotmistrz pu\u0142tuskiej \u017candarmerii donosi do naczelnika warszawskiego zarz\u0105du \u017candarmerii, \u017ce odpowiedzialnym redaktorem i wydawc\u0105 wychodz\u0105cej w Pu\u0142tusku, w j\u0119zyku polskim, gazety niedzielnej \u201eGazeta Pu\u0142tuska\u201d jest Karol Be\u0142cikowski, syn Teodora, pu\u0142tuski drukarz. W pracy tej pomaga mu syn Roman. Jednak inicjatorem wydawania gazety jest nauczyciel religii w pu\u0142tuskim gimnazjum \u2013 ksi\u0105dz Franciszek Flaczy\u0144ski. Wed\u0142ug raportu pu\u0142tuskiego rotmistrza \u201ebrak jest podstaw do zatrzymania wy\u017cej wymienionych\u201d.<br>&#8211; 28 maja 1915 roku pu\u0142tuski ksi\u0119garz Jan Gli\u0144ski otrzymuje zezwolenie na adaptacj\u0119 sali teatralnej do cel\u00f3w kinowych. Projekt adaptacji opracowa\u0142 in\u017c. arch. J\u00f3zef Sandecki.<br>&#8211; 3 maja 1921 roku w pu\u0142tuskim teatrze odby\u0142a si\u0119 uroczysta akademia z okazji 130-letniej rocznicy uchwalenia Konstytucji 3 Maja. Po cz\u0119\u015bci oficjalnej wyst\u0105pi\u0142a orkiestra 13 pu\u0142ku piechoty pod batut\u0105 kapelmistrza Marcelego Gorzelskiego oraz ch\u00f3r Gimnazjum M\u0119skiego pod kierownictwem nauczyciela \u015bpiewu Edmunda Siedlnickiego.<br>&#8211; 3 maja 1923 roku, w sali pu\u0142tuskiego teatru, zorganizowano uroczyst\u0105 akademi\u0119 zwi\u0105zan\u0105 ze 132 rocznic\u0105 uchwalenia Konstytucji 3 Maja oraz ods\u0142oni\u0119ciem w Warszawie pomnika ksi\u0119cia J\u00f3zefa Poniatowskiego. Na ten dzie\u0144 przyjecha\u0142 do Warszawy z Pary\u017ca marsza\u0142ek Francji \u2013 Ferdynand Foch. Do Warszawy zosta\u0142a wys\u0142ana delegacja miasta Pu\u0142tuska z listem gratulacyjnym, adresowanym do marsza\u0142ka Focha.<br>&#8211; 3 maja 1927 roku, w sali teatru w Pu\u0142tusku, zorganizowano akademi\u0119, zwi\u0105zan\u0105 ze 136-letni\u0105 rocznic\u0105 uchwalenia konstytucji 3 Maja. Referat programowy wyg\u0142osi\u0142 Feliks Czaplicki. W cz\u0119\u015bci artystycznej przygrywa\u0142a orkiestra 13 pu\u0142ku piechoty.<br>&#8211; 4 maja 1982 roku zmar\u0142 w Warszawie, w wieku 87 lat, genera\u0142 brygady Jan Zientarski \u2013 Lizi\u0144ski. Wymieniony w okresie od 9 listopada 1929 do 13 listopada 1935 roku by\u0142 randze pu\u0142kownika dow\u00f3dc\u0105 pu\u0142tuskiego 13 pu\u0142ku piechoty.<br>&#8211; 10 maja 1985 roku na pu\u0142tuskim rynku odby\u0142o si\u0119 uroczyste wr\u0119czenie Miejskiej Radzie Narodowej sztandaru \u2013 ufundowanego przez spo\u0142ecze\u0144stwo. Sztandar przekazywa\u0142 prezes Pu\u0142tuskiego Towarzystwa Spo\u0142eczno-Kulturalnego, a odebra\u0142 go dla w\u0142adz miasta \u2013 przewodnicz\u0105cy Miejskiej Rady Narodowej. Sztandar ten zosta\u0142 nast\u0119pnie udekorowany Krzy\u017cem Komandorskim Orderu Odrodzenia Polski przyznanym przez Rad\u0119 Pa\u0144stwa za prac\u0119 miasta przy odbudowie jego zniszcze\u0144 wojennych.<br>&#8211; 25 maja 1930 roku Pu\u0142tusk wizytowa\u0142 prezydent RP prof. Ignacy Mo\u015bcicki. Prezydencka \u015bwita zosta\u0142a powitana w Serocku przez Starost\u0119 Powiatowego Ryszarda Kocha. Nast\u0119pnie w Pu\u0142tusku przed bazylik\u0105 wita\u0142 go\u015bci biskup Antoni Julian Nowowiejski. Na rynku burmistrz miasta Stanis\u0142aw Zabokrzycki wr\u0119czy\u0142 prezydentowi dyplom honorowego obywatela miasta. W po\u017cegnaniu prezydenckiej \u015bwity wzi\u0119\u0142a te\u017c udzia\u0142 sztafeta sportowc\u00f3w z Wyszkowa.<br>&#8211; 28 maja 1975 roku wchodzi w \u017cycie ustawa o dwunastostopniowym podziale administracyjnym. Zlikwidowano w\u00f3wczas powiaty. Powiat pu\u0142tuski zosta\u0142 w\u0142\u0105czony do nowo zorganizowanego wojew\u00f3dztwa ciechanowskiego.<br>&#8211; 3 maja 1990 roku na mistrzostwach Europy w tr\u00f3jboju si\u0142owym tytu\u0142 mistrza Europy zdoby\u0142 zawodnik z Pu\u0142tuska \u2013 Jan Wilczy\u0144ski, wynikiem 265 kg.<\/p>\n\n\n\n<p>\u201e<em><strong>Z notatnika archiwisty\u201d<\/strong><\/em><br><em><strong>Pu\u0142tuska Gazeta Powiatowa, nr 17, 24 kwietnia 2001 r.<\/strong><\/em><\/p>\n","protected":false},"excerpt":{"rendered":"<p>Dzi\u015b przypominamy kalendarium najwa\u017cniejszych majowych wydarze\u0144, jakie mia\u0142y miejsce w Pu\u0142tusku. &#8211; 15 maja 1910 roku nast\u0105pi\u0142o uroczyste oddanie do u\u017cytku budynku pu\u0142tuskiego teatru. Projekt budynku opracowa\u0142 in\u017c. arch. J\u00f3zef Sandecki. W dniu otwarcia pu\u0142tuscy arty\u015bci wystawili sztuk\u0119 Henryka Sienkiewicza \u201eNa jedn\u0105 kart\u0119\u201d. Budynek wystawiono na \u015brodki spo\u0142eczne w bardzo kr\u00f3tkim czasie.&#8211; 31 maja 1914 &#8230; <a title=\"Majowe rocznice\" class=\"read-more\" href=\"https:\/\/historia.pultusk24.pl\/?p=481\" aria-label=\"More on Majowe rocznice\">Czytaj dalej<\/a><\/p>\n","protected":false},"author":1,"featured_media":0,"comment_status":"closed","ping_status":"closed","sticky":false,"template":"","format":"standard","meta":{"footnotes":""},"categories":[4],"tags":[],"class_list":["post-481","post","type-post","status-publish","format-standard","hentry","category-z-notatnika-archiwisty"],"_links":{"self":[{"href":"https:\/\/historia.pultusk24.pl\/index.php?rest_route=\/wp\/v2\/posts\/481","targetHints":{"allow":["GET"]}}],"collection":[{"href":"https:\/\/historia.pultusk24.pl\/index.php?rest_route=\/wp\/v2\/posts"}],"about":[{"href":"https:\/\/historia.pultusk24.pl\/index.php?rest_route=\/wp\/v2\/types\/post"}],"author":[{"embeddable":true,"href":"https:\/\/historia.pultusk24.pl\/index.php?rest_route=\/wp\/v2\/users\/1"}],"replies":[{"embeddable":true,"href":"https:\/\/historia.pultusk24.pl\/index.php?rest_route=%2Fwp%2Fv2%2Fcomments&post=481"}],"version-history":[{"count":1,"href":"https:\/\/historia.pultusk24.pl\/index.php?rest_route=\/wp\/v2\/posts\/481\/revisions"}],"predecessor-version":[{"id":482,"href":"https:\/\/historia.pultusk24.pl\/index.php?rest_route=\/wp\/v2\/posts\/481\/revisions\/482"}],"wp:attachment":[{"href":"https:\/\/historia.pultusk24.pl\/index.php?rest_route=%2Fwp%2Fv2%2Fmedia&parent=481"}],"wp:term":[{"taxonomy":"category","embeddable":true,"href":"https:\/\/historia.pultusk24.pl\/index.php?rest_route=%2Fwp%2Fv2%2Fcategories&post=481"},{"taxonomy":"post_tag","embeddable":true,"href":"https:\/\/historia.pultusk24.pl\/index.php?rest_route=%2Fwp%2Fv2%2Ftags&post=481"}],"curies":[{"name":"wp","href":"https:\/\/api.w.org\/{rel}","templated":true}]}}