{"id":486,"date":"2021-06-04T13:09:08","date_gmt":"2021-06-04T11:09:08","guid":{"rendered":"http:\/\/historia.pultusk24.pl\/?p=486"},"modified":"2021-06-04T13:09:10","modified_gmt":"2021-06-04T11:09:10","slug":"czerwcowe-rocznice","status":"publish","type":"post","link":"https:\/\/historia.pultusk24.pl\/?p=486","title":{"rendered":"Czerwcowe rocznice"},"content":{"rendered":"\n<p><strong>Dzi\u015b przypominamy Czytelnikom kilkana\u015bcie wydarze\u0144, jakie mia\u0142y miejsce w miesi\u0105cu czerwcu, a kt\u00f3re dotyczy\u0142y Pu\u0142tusk<\/strong><strong>a i <\/strong><strong>okolic.<\/strong><\/p>\n\n\n\n<p>&#8211; Dnia 1 czerwca 1977 roku uroczy\u015bcie erygowano w Pu\u0142tusku parafi\u0119 \u015bw. Krzy\u017ca. Dekret erekcyjny podpisa\u0142 ks. Biskup Bogdan Sikorski. Za patrona parafianie obrali \u015bw. Stanis\u0142awa Kostk\u0119. Do parafii nale\u017c\u0105 nast\u0119puj\u0105ce miejscowo\u015bci: Bia\u0142owie\u017ca, Chmielewo, Kleszewo, Lipa, Olszak, Przemiarowo i Zakr\u0119t. Z miasta do tej parafii nale\u017cy cz\u0119\u015b\u0107 mieszka\u0144c\u00f3w z ul. Ko\u015bciuszki oraz ulice Przemiarowska i \u015awi\u0119tokrzyska, i uliczki wok\u00f3\u0142 cmentarza. Pierwszym administratorem parafii by\u0142 ks. Stanis\u0142aw Nowak.<br>&#8211; W dniach od 2 do 10 czerwca 1979 roku mia\u0142a miejsce pierwsza wizyta Papie\u017ca Jana Paw\u0142a II w Polsce. Papie\u017c odwiedzi\u0142 Warszaw\u0119, Gniezno, Cz\u0119stochow\u0119, Krak\u00f3w, O\u015bwi\u0119cim, Kalwari\u0119 Zebrzydowsk\u0105, Wadowice i Nowy Targ. Wielu pu\u0142tuszczan wzi\u0119\u0142o udzia\u0142 w ceremonii powitania Papie\u017ca w Warszawie.<br>&#8211; Dnia 6 czerwca 1998 roku w Pu\u0142tusku uroczy\u015bcie nadano tytu\u0142 Honorowego Obywatela Pu\u0142tuska prof. dr. hab. Aleksandrowi Gieysztorowi. Wspomniany profesor z Pu\u0142tuskiem zwi\u0105zany by\u0142 od 1960 roku, kiedy to kierowa\u0142 naukowymi opracowaniami, przygotowywanymi na jubileusz 1000-lecia Pu\u0142tuska.<br>&#8211; Dnia 10 czerwca 1966 roku, GUS poda\u0142, \u017ce w latach 1960-1965, a wi\u0119c w latach naszego 1000-letniego jubileuszu, \u015brednie spo\u017cycie alkoholu na 1 mieszka\u0144ca wynios\u0142o 3,9 litra alkoholu.<br>&#8211; Dnia 11 czerwca 1989 roku w miejscowej bazylice ods\u0142oni\u0119to uroczy\u015bcie tablic\u0119 ku czci \u017co\u0142nierzy AK. Uroczysto\u015b\u0107 zorganizowano staraniem in\u017c. Leonarda Grzelaka i mgr. Leona Blicharza.<br>&#8211; Dnia 13 czerwca 1915 roku pu\u0142tuski ksi\u0119garz Jan Gli\u0144ski, za zgod\u0105 Warszawskiego Urz\u0119du Gubernialnego, otwiera w Pu\u0142tusku pierwsze kino. Sal\u0119 teatraln\u0105 dla potrzeb kina adoptowano wed\u0142ug projektu miejscowego architekta in\u017c. Sandeckiego.<br>&#8211; Dnia 13 czerwca 1971 roku w ramach Dni Pu\u0142tuska, w miejscowym teatrze, znajduj\u0105cym si\u0119 przy ul. Baltazara, zorganizowano pierwszy w wojew\u00f3dztwie przegl\u0105d Orkiestr D\u0119tych Ochotniczych Stra\u017cy Po\u017carnych. Na 20 wyst\u0119puj\u0105cych orkiestr, pierwsze miejsce zdoby\u0142a Orkiestra OSP Pilawa. Bardzo dobr\u0105 III nagrod\u0119 uzyska\u0142a orkiestra pu\u0142tuskiej stra\u017cy. Przed g\u0142\u00f3wnym koncertem wszystkie orkiestry przedefilowa\u0142y przez miasto.<br>&#8211; Dnia 15 czerwca 1985 roku, na wniosek m\u0142odzie\u017cy, Zespo\u0142owi Szk\u00f3\u0142 Zawodowych w Pu\u0142tusku nadano imi\u0119 patrona, kt\u00f3rym zosta\u0142 Jan Ruszkowski, d\u0142ugoletni wychowawca m\u0142odzie\u017cy w tej szkole. Jednocze\u015bnie w tym dniu wr\u0119czono szkole sztandar, ufundowany staraniem Komitetu Rodzicielskiego.<br>&#8211; Dnia 16 czerwca 1969 roku, w Warszawie na \u017beraniu, wyprodukowano 100-tysi\u0119czny samoch\u00f3d o nazwie Syrena.<br>&#8211; Dnia 16 czerwca 1983 roku mia\u0142a miejsce druga wizyta Papie\u017ca Jana Paw\u0142a II w Polsce. Wizyta trwa\u0142a do 23 czerwca. Papie\u017c odwiedzi\u0142 Warszaw\u0119, Niepokalan\u00f3w, Cz\u0119stochow\u0119, Pozna\u0144, Katowice, Wroc\u0142aw i G\u00f3r\u0119 \u015bw. Anny. Tak\u017ce w tej wizycie obserwowali\u015bmy liczny udzia\u0142 mieszka\u0144c\u00f3w Pu\u0142tuska.<br>&#8211; Dnia 20 czerwca 1894 roku w Poznaniu urodzi\u0142 si\u0119 Alojzy Nowak syn Wawrzy\u0144ca, absolwent Gimnazjum z Krotoszyna, kt\u00f3re uko\u0144czy\u0142 w 1914 roku. Tego samego roku powo\u0142ano go do armii cesarza Wilhelma II. Po zako\u0144czeniu dzia\u0142a\u0144 I wojny \u015bwiatowej w roku 1918 wraca do Poznania i w\u0142\u0105cza si\u0119 do pracy konspiracyjnej POW. W roku 1936 skierowany do Pu\u0142tuska, na stanowisko dow\u00f3dcy 13 pu\u0142ku piechoty. Dnia 22 wrze\u015bnia 1939 roku, w czasie walk pu\u0142ku pod Modlinem, gnie \u015bmierci\u0105 bohatera, staj\u0105c na czele swych oddzia\u0142\u00f3w.<br>&#8211; Dnia 21 czerwca 1965 roku absolwenci gimnazjum im. Piotra Skargi, zebrani na kole\u017ce\u0144skim zje\u017adzie, ods\u0142onili przed budynkiem Banku Sp\u00f3\u0142dzielczego przy ul. Ko\u015bciuszki g\u0142az z okoliczno\u015bciowym napisem. Na miejscu dzisiejszego banku sta\u0142 przed stu laty budynek prywatny, wykorzystywany przez sekcj\u0119 teatraln\u0105, gdzie wystawiano r\u00f3\u017cne przedstawienia teatralne.<br>&#8211; Dnia 24 czerwca 1773 roku, we wsi \u0141omazy na Podlasiu, urodzi\u0142 si\u0119 J\u00f3zef Hornowski, p\u00f3\u017aniejszy genera\u0142. W roku 1810 o\u017ceni\u0142 si\u0119 z Ann\u0105 Chroniewsk\u0105 spod Pu\u0142tuska. W roku 1812 bra\u0142 udzia\u0142 w walkach Napoleona przeciwko Rosji. Zmar\u0142 dnia 18 maja 1817 roku. W ko\u015bciele \u015bw. Krzy\u017ca w Pu\u0142tusku, wewn\u0105trz, na p\u00f3\u0142nocnej \u015bcianie, zamontowano jego epitafium.<br>&#8211; Dnia 25 czerwca 1985 roku, w Nasielsku, zmar\u0142 Skrzypek Stefan Jaworski, przedwojenny orkiestrant z orkiestry 13 pu\u0142ku piechoty. Po wojnie wykszta\u0142ci\u0142 wielu utalentowanych muzyk\u00f3w, prowadz\u0105c w Nasielsku r\u00f3\u017cne zespo\u0142y estradowe.<\/p>\n\n\n\n<p>\u201e<em><strong>Z notatnika archiwisty\u201d<\/strong><\/em><br><em><strong>Pu\u0142tuska Gazeta Powiatowa, nr 22, z 29 maja 2001 r.<\/strong><\/em><\/p>\n","protected":false},"excerpt":{"rendered":"<p>Dzi\u015b przypominamy Czytelnikom kilkana\u015bcie wydarze\u0144, jakie mia\u0142y miejsce w miesi\u0105cu czerwcu, a kt\u00f3re dotyczy\u0142y Pu\u0142tuska i okolic. &#8211; Dnia 1 czerwca 1977 roku uroczy\u015bcie erygowano w Pu\u0142tusku parafi\u0119 \u015bw. Krzy\u017ca. Dekret erekcyjny podpisa\u0142 ks. Biskup Bogdan Sikorski. Za patrona parafianie obrali \u015bw. Stanis\u0142awa Kostk\u0119. Do parafii nale\u017c\u0105 nast\u0119puj\u0105ce miejscowo\u015bci: Bia\u0142owie\u017ca, Chmielewo, Kleszewo, Lipa, Olszak, Przemiarowo &#8230; <a title=\"Czerwcowe rocznice\" class=\"read-more\" href=\"https:\/\/historia.pultusk24.pl\/?p=486\" aria-label=\"More on Czerwcowe rocznice\">Czytaj dalej<\/a><\/p>\n","protected":false},"author":1,"featured_media":0,"comment_status":"closed","ping_status":"closed","sticky":false,"template":"","format":"standard","meta":{"footnotes":""},"categories":[4],"tags":[],"class_list":["post-486","post","type-post","status-publish","format-standard","hentry","category-z-notatnika-archiwisty"],"_links":{"self":[{"href":"https:\/\/historia.pultusk24.pl\/index.php?rest_route=\/wp\/v2\/posts\/486","targetHints":{"allow":["GET"]}}],"collection":[{"href":"https:\/\/historia.pultusk24.pl\/index.php?rest_route=\/wp\/v2\/posts"}],"about":[{"href":"https:\/\/historia.pultusk24.pl\/index.php?rest_route=\/wp\/v2\/types\/post"}],"author":[{"embeddable":true,"href":"https:\/\/historia.pultusk24.pl\/index.php?rest_route=\/wp\/v2\/users\/1"}],"replies":[{"embeddable":true,"href":"https:\/\/historia.pultusk24.pl\/index.php?rest_route=%2Fwp%2Fv2%2Fcomments&post=486"}],"version-history":[{"count":1,"href":"https:\/\/historia.pultusk24.pl\/index.php?rest_route=\/wp\/v2\/posts\/486\/revisions"}],"predecessor-version":[{"id":487,"href":"https:\/\/historia.pultusk24.pl\/index.php?rest_route=\/wp\/v2\/posts\/486\/revisions\/487"}],"wp:attachment":[{"href":"https:\/\/historia.pultusk24.pl\/index.php?rest_route=%2Fwp%2Fv2%2Fmedia&parent=486"}],"wp:term":[{"taxonomy":"category","embeddable":true,"href":"https:\/\/historia.pultusk24.pl\/index.php?rest_route=%2Fwp%2Fv2%2Fcategories&post=486"},{"taxonomy":"post_tag","embeddable":true,"href":"https:\/\/historia.pultusk24.pl\/index.php?rest_route=%2Fwp%2Fv2%2Ftags&post=486"}],"curies":[{"name":"wp","href":"https:\/\/api.w.org\/{rel}","templated":true}]}}