{"id":489,"date":"2021-07-02T11:27:18","date_gmt":"2021-07-02T09:27:18","guid":{"rendered":"http:\/\/historia.pultusk24.pl\/?p=489"},"modified":"2021-07-02T11:27:20","modified_gmt":"2021-07-02T09:27:20","slug":"lipcowe-rocznice","status":"publish","type":"post","link":"https:\/\/historia.pultusk24.pl\/?p=489","title":{"rendered":"Lipcowe rocznice"},"content":{"rendered":"\n<p><strong>W lipcu, w r\u00f3\u017cnych latach, mia\u0142y miejsce nast\u0119puj\u0105ce wydarzenia:<\/strong><\/p>\n\n\n\n<p>&#8211; 8 lipca 1998 roku nast\u0105pi\u0142o podpisanie umowy o wsp\u00f3\u0142pracy pomi\u0119dzy Wy\u017csz\u0105 Szko\u0142\u0105 Humanistyczn\u0105 w Pu\u0142tusku a angielsk\u0105 uczelni\u0105 Harward Uniwersity z Anglii.<\/p>\n\n\n\n<p>&#8211; 8 lipca 1998 roku ukazuje si\u0119 dekret biskupa p\u0142ockiego ks. Dra Zygmunta Kami\u0144skiego, ustanawiaj\u0105cy \u015bw. Mateusza patronem tysi\u0105cletniego miasta Pu\u0142tuska.<\/p>\n\n\n\n<p>&#8211; 14 lipca 1929 roku na przystani nad Narwi\u0105 w Pu\u0142tusku dokonano uroczystego otwarcia wystawy dorobku z okresu 10 lat istnienia powiat\u00f3w w wolnej Polsce. Wystawa obejmowa\u0142a powiaty: ciechanowski, makowski, przasnyski i pu\u0142tuski. Wystaw\u0119 otworzy\u0142 dyrektor departamentu samorz\u0105dowego minister spraw wewn\u0119trznych Jan Strzelecki oraz wojewoda warszawski \u0141opatto. W uroczysto\u015bci otwarcia wzi\u0119li te\u017c udzia\u0142: genera\u0142owie Jan Wr\u00f3blewski i Antoni Szyling, starosta pu\u0142tuski Jan Gadomski, burmistrz Stanis\u0142aw Zabokrzycki, dow\u00f3dca 13 pu\u0142ku piechoty p\u0142k dypl. Florian Smykal oraz starostowie zainteresowanych powiat\u00f3w. G\u0142\u00f3wnym organizatorem wystawy by\u0142 Czes\u0142aw Karp \u2013 wyk\u0142adowca rysunk\u00f3w w PSN oraz in\u017c. Aleksander Gajkowicz \u2013 dyrektor Powiatowego Zarz\u0105du Drogowego w Pu\u0142tusku. Eksponaty i plansze zaprezentowano w 15 nast\u0119puj\u0105cych dzia\u0142ach: zabytki \u2013 etnografia \u2013 charakterystyka terenu \u2013 \u017cycie samorz\u0105d\u00f3w \u2013 rolnictwo \u2013 przemys\u0142 \u2013 rzemios\u0142o \u2013 \u017cycie kulturalne \u2013 o\u015bwiata \u2013 stan sanitarny \u2013 stanz zabudowy \u2013 \u017cycie polityczne i religijne \u2013 wojsko i wychowanie fizyczne \u2013 szko\u0142y wojenne \u2013 historia oraz Liga Obrony Przeciwlotniczej. Wystawa cieszy\u0142a si\u0119 du\u017cym powodzeniem, gdy\u017c by\u0142a jedn\u0105 z pierwszych w wojew\u00f3dztwie warszawskim.<\/p>\n\n\n\n<p>&#8211; 16 lipca 1983 roku w Warszawie zako\u0144czy\u0142 dzia\u0142alno\u015b\u0107 Front Jedno\u015bci Narodu. W zje\u017adzie uczestniczyli przedstawiciele pu\u0142tuskiego oddzia\u0142u FJN.<\/p>\n\n\n\n<p>&#8211; 16 lipca 1989 roku, po kilkuletnim remoncie i przeprowadzeniu szerokich bada\u0144 archeologicznych na wzg\u00f3rzu zamkowym oddano do u\u017cytku Dom Polonii w Pu\u0142tusku. Przeci\u0119cia wst\u0119gi w obecno\u015bci w\u0142adz centralnych i wojew\u00f3dzkich dokona\u0142 \u00f3wczesny marsza\u0142ek Sejmu Miko\u0142aj Kozakiewicz. Msz\u0119 \u015bwi\u0119t\u0105 w intencji Ojczyzny celebrowa\u0142 w bazylice biskup Zygmunt Kami\u0144ski.<\/p>\n\n\n\n<p>&#8211; 17 lipca 1916 roku urodzi\u0142 si\u0119 w Moskwie Aleksander Gieysztor, znany p\u00f3\u017aniej profesor i naukowiec, kt\u00f3ry w 1998 roku za zas\u0142ugi dla miasta Pu\u0142tuska otrzyma\u0142 tytu\u0142 Honorowego Obywatela Pu\u0142tuska. Zmar\u0142 w Warszawie 9 lutego 1998 r.<\/p>\n\n\n\n<p>&#8211; 21 lipca 1875 roku rozszala\u0142 si\u0119 w Pu\u0142tusku po\u017car, kt\u00f3ry strawi\u0142 ca\u0142e miasto. W warszawskiej \u201eGazecie Polskiej\u201d ukaza\u0142a si\u0119 bogata relacja z po\u017caru, pi\u00f3ra m\u0142odego dziennikarza Henryka Sienkiewicza, p\u00f3\u017aniejszego noblisty.<\/p>\n\n\n\n<p>\u201e<em><strong>Z notatnika archiwisty\u201d<\/strong><\/em><br><em><strong>Pu\u0142tuska Gazeta Powiatowa, nr 26, 26 czerwca 2001 r.<\/strong><\/em><\/p>\n","protected":false},"excerpt":{"rendered":"<p>W lipcu, w r\u00f3\u017cnych latach, mia\u0142y miejsce nast\u0119puj\u0105ce wydarzenia: &#8211; 8 lipca 1998 roku nast\u0105pi\u0142o podpisanie umowy o wsp\u00f3\u0142pracy pomi\u0119dzy Wy\u017csz\u0105 Szko\u0142\u0105 Humanistyczn\u0105 w Pu\u0142tusku a angielsk\u0105 uczelni\u0105 Harward Uniwersity z Anglii. &#8211; 8 lipca 1998 roku ukazuje si\u0119 dekret biskupa p\u0142ockiego ks. Dra Zygmunta Kami\u0144skiego, ustanawiaj\u0105cy \u015bw. Mateusza patronem tysi\u0105cletniego miasta Pu\u0142tuska. &#8211; 14 &#8230; <a title=\"Lipcowe rocznice\" class=\"read-more\" href=\"https:\/\/historia.pultusk24.pl\/?p=489\" aria-label=\"More on Lipcowe rocznice\">Czytaj dalej<\/a><\/p>\n","protected":false},"author":1,"featured_media":0,"comment_status":"closed","ping_status":"closed","sticky":false,"template":"","format":"standard","meta":{"footnotes":""},"categories":[4],"tags":[],"class_list":["post-489","post","type-post","status-publish","format-standard","hentry","category-z-notatnika-archiwisty"],"_links":{"self":[{"href":"https:\/\/historia.pultusk24.pl\/index.php?rest_route=\/wp\/v2\/posts\/489","targetHints":{"allow":["GET"]}}],"collection":[{"href":"https:\/\/historia.pultusk24.pl\/index.php?rest_route=\/wp\/v2\/posts"}],"about":[{"href":"https:\/\/historia.pultusk24.pl\/index.php?rest_route=\/wp\/v2\/types\/post"}],"author":[{"embeddable":true,"href":"https:\/\/historia.pultusk24.pl\/index.php?rest_route=\/wp\/v2\/users\/1"}],"replies":[{"embeddable":true,"href":"https:\/\/historia.pultusk24.pl\/index.php?rest_route=%2Fwp%2Fv2%2Fcomments&post=489"}],"version-history":[{"count":1,"href":"https:\/\/historia.pultusk24.pl\/index.php?rest_route=\/wp\/v2\/posts\/489\/revisions"}],"predecessor-version":[{"id":490,"href":"https:\/\/historia.pultusk24.pl\/index.php?rest_route=\/wp\/v2\/posts\/489\/revisions\/490"}],"wp:attachment":[{"href":"https:\/\/historia.pultusk24.pl\/index.php?rest_route=%2Fwp%2Fv2%2Fmedia&parent=489"}],"wp:term":[{"taxonomy":"category","embeddable":true,"href":"https:\/\/historia.pultusk24.pl\/index.php?rest_route=%2Fwp%2Fv2%2Fcategories&post=489"},{"taxonomy":"post_tag","embeddable":true,"href":"https:\/\/historia.pultusk24.pl\/index.php?rest_route=%2Fwp%2Fv2%2Ftags&post=489"}],"curies":[{"name":"wp","href":"https:\/\/api.w.org\/{rel}","templated":true}]}}