{"id":492,"date":"2021-08-03T14:03:53","date_gmt":"2021-08-03T12:03:53","guid":{"rendered":"https:\/\/historia.pultusk24.pl\/?p=492"},"modified":"2021-08-03T14:05:26","modified_gmt":"2021-08-03T12:05:26","slug":"sierpniowe-rocznice","status":"publish","type":"post","link":"https:\/\/historia.pultusk24.pl\/?p=492","title":{"rendered":"Sierpniowe rocznice"},"content":{"rendered":"\n<p><strong>Ci\u0105g dalszy kalendarium autorstwa Mirona Owsiewskiego. Dzi\u015b<\/strong> <strong>przypominamy najwa\u017cniejsze wydarzenia sierpniowe<\/strong>.<\/p>\n\n\n\n<p>&#8211; 1 sierpnia 1944 roku, o godzinie 17, w Warszawie wybuch\u0142o zbrojne powstanie. S\u0142abo uzbrojone oddzia\u0142y powsta\u0144cze przez dwa miesi\u0105ce stawia\u0142y op\u00f3r doborowym oddzia\u0142om faszystowskich Niemiec. Po wyczerpaniu zapas\u00f3w \u017cywno\u015bci i amunicji, oddzia\u0142y powsta\u0144cze skapitulowa\u0142y dnia 2 pa\u017adziernika. Akt kapitulacyjny podpisano w O\u017carowie. W czasie powstania zgin\u0119\u0142o 18 000 powsta\u0144c\u00f3w oraz 200 000 mieszka\u0144c\u00f3w Warszawy. 3 pa\u017adziernika genera\u0142 B\u00f3r Komorowski wydaje rozkaz o zako\u0144czeniu walk.<\/p>\n\n\n\n<p>&#8211; 2 sierpnia 1945 roku pu\u0142tuski nauczyciel Zdzis\u0142aw Ka\u017amierkiewicz po powrocie z obozu w Mauthausen, zostaje mianowany kierownikiem szko\u0142y powszechnej nr 3 w Pu\u0142tusku. Szko\u0142a mie\u015bci\u0142a si\u0119 w stoj\u0105cym do dzi\u015b budynku przy ulicy im. Marsza\u0142ka J\u00f3zefa Pi\u0142sudskiego \u2013 dzi\u015b Aleja Wojska Polskiego. Zaj\u0119cia lekcyjne w tej szkole rozpocz\u0119to 17 wrze\u015bnia 1945 r. Do szko\u0142y ucz\u0119szcza\u0142o 475 uczni\u00f3w. W pierwszych dniach nauki odczuwano brak podr\u0119cznik\u00f3w, zeszyt\u00f3w, a nawet krzese\u0142 do siedzenia i \u0142awek.<\/p>\n\n\n\n<p>&#8211; 2 sierpnia 1949 roku ta\u015bm\u0119 produkcyjn\u0105 fabryki samochod\u00f3w w Starachowicach opuszczaj\u0105 pierwsze samochody ci\u0119\u017carowe \u201eStar 20\u201d. Przez wiele lat by\u0142y to jedyne samochody ci\u0119\u017carowe, u\u017cywane w naszym mie\u015bcie.<\/p>\n\n\n\n<p>&#8211; 6 sierpnia 1945 roku lotnictwo alianckie zrzuca bomb\u0119 atomow\u0105 na japo\u0144skie miasto Hiroszima.<\/p>\n\n\n\n<p>&#8211; 6 sierpnia w Warszawie umiera papie\u017c Pawe\u0142 VI.<\/p>\n\n\n\n<p>&#8211; 9 sierpnia 1945 roku lotnictwo alianckie zrzuca drug\u0105 bomb\u0119 atomow\u0105 na japo\u0144skie miasto Nagasaki.<\/p>\n\n\n\n<p>&#8211; 11 sierpnia 1999 roku mia\u0142o miejsce ostatnie w XX wieku za\u0107mienie s\u0142o\u0144ca, widziane w naszym kraju. W czasie za\u0107mienia, zas\u0142oni\u0119te by\u0142o 80 \u2013 90 procent tarczy. W dniu tym wielu pu\u0142tuszczan obserwowa\u0142o przez specjalne okulary noc w czasie dnia.<\/p>\n\n\n\n<p>&#8211; 13 sierpnia 1976 roku rz\u0105d wprowadzi\u0142 na okres przej\u015bciowy kartki na cukier. Okres przej\u015bciowy trwa\u0142 jednak kilka dobrych lat.<\/p>\n\n\n\n<p>&#8211; 14 sierpnia 1929 roku w gmachu Pa\u0144stwowego Gimnazjum w Pu\u0142tusku otwarto wystaw\u0119 jubileuszow\u0105, zwi\u0105zan\u0105 z 10-leciem pa\u0144stwa polskiego. Organizatorem wystawy by\u0142 profesor Czes\u0142aw Karp \u2013 wyk\u0142adowca PSN. Na wystawie, kt\u00f3r\u0105 otworzy\u0142 starosta powiatowy Jan Gadomski, pokazano szereg dokument\u00f3w z ubieg\u0142ych lat oraz r\u00f3\u017cne eksponaty ludowe z terenu Puszczy Bia\u0142ej. Eksponaty te, po wystawie zgromadzono nast\u0119pnie w sali przy ulicy Ko\u015bciuszki, pocz\u0105tkuj\u0105c zbiory przysz\u0142ego muzeum miejskiego. Eksponaty te, uleg\u0142y zniszczeniu w czasie dzia\u0142a\u0144 II wojny \u015bwiatowej.<\/p>\n\n\n\n<p>&#8211; 14 sierpnia 1945 roku japo\u0144ski cesarz Hirochito og\u0142asza decyzj\u0119 o kapitulacji Japonii. Jest to koniec dzia\u0142a\u0144 II wojny \u015bwiatowej.<\/p>\n\n\n\n<p>&#8211; 14 sierpnia 1991 roku mia\u0142 miejsce \u015bwiatowy Kongres M\u0142odzie\u017cy w Cz\u0119stochowie. Uczestniczy\u0142o w nim oko\u0142o miliona os\u00f3b. W kongresie wzi\u0105\u0142 udzia\u0142 papie\u017c Jan Pawe\u0142 II. W zje\u017adzie uczestniczy\u0142a tak\u017ce bardzo liczna delegacja m\u0142odzie\u017cy z miasta Pu\u0142tuska.<\/p>\n\n\n\n<p>&#8211; 17 sierpnia 1920 roku oddzia\u0142y bolszewickie w pop\u0142ochu wycofuj\u0105 si\u0119 z naszego miasta. By\u0142 to wynik trwaj\u0105cej w dniach 13-15 sierpnia s\u0142awnej bitwy warszawskiej. W\u0142adze miasta natychmiast przyst\u0105pi\u0142y do usuwania skutk\u00f3w pobytu wojsk bolszewickich w mie\u015bcie Pu\u0142tusku.<\/p>\n\n\n\n<p>&#8211; 23 sierpnia 1980 roku by\u0142 pocz\u0105tkiem strajku generalnego na wybrze\u017cu. W wyniku rozm\u00f3w trwaj\u0105cych pomi\u0119dzy stron\u0105 rz\u0105dow\u0105 a strajkuj\u0105cymi, podpisano odpowiednie porozumienia. Mia\u0142o to miejsce w Szczecinie, 30 sierpnia, a w Gda\u0144sku 31 sierpnia.<\/p>\n\n\n\n<p>&#8211; 15 sierpnia 1966 roku umiera w Londynie genera\u0142 Tadeusz B\u00f3r Komorowski \u2013 dow\u00f3dca powstania warszawskiego z 1944 roku.<\/p>\n\n\n\n<p>&#8211; 28 sierpnia 1924 roku w Strachocinie Nowym ko\u0142o Szelkowa urodzi\u0142 si\u0119 Boles\u0142aw Brzezi\u0144ski, p\u00f3\u017aniejszy absolwent Wydzia\u0142u Malarstwa ASP w Warszawie. W czasie obchod\u00f3w 1000-lecia Pa\u0144stwa Polskiego wystawiono w Pu\u0142tusku jego prace. Temat pracy to pu\u0142tuskie zabytki. Niekonwencjonalne uj\u0119cia obiekt\u00f3w nadawa\u0142y pracom bardzo charakterystyczny wygl\u0105d. Artysta zmar\u0142 w Warszawie 25 grudnia 1987 roku.<\/p>\n\n\n\n<p>\u201e<em><strong>Z notatnika archiwisty\u201d<\/strong><\/em><br><em><strong>Pu\u0142tuska Gazeta Powiatowa, nr 31, 31 lipca 2001 roku<\/strong><\/em><\/p>\n","protected":false},"excerpt":{"rendered":"<p>Ci\u0105g dalszy kalendarium autorstwa Mirona Owsiewskiego. Dzi\u015b przypominamy najwa\u017cniejsze wydarzenia sierpniowe. &#8211; 1 sierpnia 1944 roku, o godzinie 17, w Warszawie wybuch\u0142o zbrojne powstanie. S\u0142abo uzbrojone oddzia\u0142y powsta\u0144cze przez dwa miesi\u0105ce stawia\u0142y op\u00f3r doborowym oddzia\u0142om faszystowskich Niemiec. Po wyczerpaniu zapas\u00f3w \u017cywno\u015bci i amunicji, oddzia\u0142y powsta\u0144cze skapitulowa\u0142y dnia 2 pa\u017adziernika. Akt kapitulacyjny podpisano w O\u017carowie. W &#8230; <a title=\"Sierpniowe rocznice\" class=\"read-more\" href=\"https:\/\/historia.pultusk24.pl\/?p=492\" aria-label=\"More on Sierpniowe rocznice\">Czytaj dalej<\/a><\/p>\n","protected":false},"author":1,"featured_media":0,"comment_status":"closed","ping_status":"closed","sticky":false,"template":"","format":"standard","meta":{"footnotes":""},"categories":[4],"tags":[],"class_list":["post-492","post","type-post","status-publish","format-standard","hentry","category-z-notatnika-archiwisty"],"_links":{"self":[{"href":"https:\/\/historia.pultusk24.pl\/index.php?rest_route=\/wp\/v2\/posts\/492","targetHints":{"allow":["GET"]}}],"collection":[{"href":"https:\/\/historia.pultusk24.pl\/index.php?rest_route=\/wp\/v2\/posts"}],"about":[{"href":"https:\/\/historia.pultusk24.pl\/index.php?rest_route=\/wp\/v2\/types\/post"}],"author":[{"embeddable":true,"href":"https:\/\/historia.pultusk24.pl\/index.php?rest_route=\/wp\/v2\/users\/1"}],"replies":[{"embeddable":true,"href":"https:\/\/historia.pultusk24.pl\/index.php?rest_route=%2Fwp%2Fv2%2Fcomments&post=492"}],"version-history":[{"count":3,"href":"https:\/\/historia.pultusk24.pl\/index.php?rest_route=\/wp\/v2\/posts\/492\/revisions"}],"predecessor-version":[{"id":495,"href":"https:\/\/historia.pultusk24.pl\/index.php?rest_route=\/wp\/v2\/posts\/492\/revisions\/495"}],"wp:attachment":[{"href":"https:\/\/historia.pultusk24.pl\/index.php?rest_route=%2Fwp%2Fv2%2Fmedia&parent=492"}],"wp:term":[{"taxonomy":"category","embeddable":true,"href":"https:\/\/historia.pultusk24.pl\/index.php?rest_route=%2Fwp%2Fv2%2Fcategories&post=492"},{"taxonomy":"post_tag","embeddable":true,"href":"https:\/\/historia.pultusk24.pl\/index.php?rest_route=%2Fwp%2Fv2%2Ftags&post=492"}],"curies":[{"name":"wp","href":"https:\/\/api.w.org\/{rel}","templated":true}]}}