{"id":560,"date":"2022-09-01T13:03:47","date_gmt":"2022-09-01T11:03:47","guid":{"rendered":"http:\/\/historia.pultusk24.pl\/?p=560"},"modified":"2022-09-01T13:03:48","modified_gmt":"2022-09-01T11:03:48","slug":"szlak-bojowy-13-pulku-piechoty-we-wrzesniu-1939-roku","status":"publish","type":"post","link":"https:\/\/historia.pultusk24.pl\/?p=560","title":{"rendered":"Szlak bojowy 13 Pu\u0142ku Piechoty we wrze\u015bniu 1939 roku"},"content":{"rendered":"\n<p><strong>14 wrze\u015bnia 2022 r., o godz. 16:00, w Muzeum Regionalnym w Pu\u0142tusku, odb\u0119dzie si\u0119 promocja ksi\u0105\u017cki Micha\u0142a Filipa \u015awidwy \u201eSzlak bojowy 13 Pu\u0142ku Piechoty we wrze\u015bniu 1939 roku\u201d. Wydarzenie wpisane b\u0119dzie w obchody XXV Dni Patrona Pu\u0142tuska \u015bw. Mateusza. Dzi\u015b, z okazji 83. rocznicy wybuchu II wojny \u015bwiatowej, publikujemy fragment publikacji:<\/strong><\/p>\n\n\n\n<figure class=\"wp-block-image size-large is-resized\"><img fetchpriority=\"high\" decoding=\"async\" src=\"https:\/\/historia.pultusk24.pl\/wp-content\/uploads\/2022\/09\/szlak-bojowy-13-PP_okladka_NEW-724x1024.jpg\" alt=\"\" class=\"wp-image-561\" width=\"214\" height=\"302\" srcset=\"https:\/\/historia.pultusk24.pl\/wp-content\/uploads\/2022\/09\/szlak-bojowy-13-PP_okladka_NEW-724x1024.jpg 724w, https:\/\/historia.pultusk24.pl\/wp-content\/uploads\/2022\/09\/szlak-bojowy-13-PP_okladka_NEW-212x300.jpg 212w, https:\/\/historia.pultusk24.pl\/wp-content\/uploads\/2022\/09\/szlak-bojowy-13-PP_okladka_NEW-768x1086.jpg 768w, https:\/\/historia.pultusk24.pl\/wp-content\/uploads\/2022\/09\/szlak-bojowy-13-PP_okladka_NEW-1086x1536.jpg 1086w, https:\/\/historia.pultusk24.pl\/wp-content\/uploads\/2022\/09\/szlak-bojowy-13-PP_okladka_NEW-1448x2048.jpg 1448w, https:\/\/historia.pultusk24.pl\/wp-content\/uploads\/2022\/09\/szlak-bojowy-13-PP_okladka_NEW-scaled.jpg 1810w\" sizes=\"(max-width: 214px) 100vw, 214px\" \/><\/figure>\n\n\n\n<p><strong>Mobilizacja<\/strong><\/p>\n\n\n\n<p>W ostatniej dekadzie sierpnia 1939 r. rozpocz\u0119\u0142a si\u0119 powszechna mobilizacja. Por. Mieczys\u0142aw Strzelecki, dow\u00f3dca I plutonu w komp. ckm 13 pp, zapisa\u0142 w swojej relacji, \u017ce <em>w dniu 24 sierpnia 1939 r. w godzinach rannych zad\u017awi\u0119cza\u0142 telefon na mym biurku. Wiadomo\u015b\u0107 brzmia\u0142a, \u017ce w domu czeka na mnie karta Mob. Mam natychmiast zg\u0142osi\u0107 si\u0119 do 13 pp w Pu\u0142tusku. Nie ulega\u0142o w\u0105tpliwo\u015bci w jakim celu<\/em>. Oddzia\u0142y s\u0142u\u017cby sta\u0142ej i rezerwist\u00f3w powo\u0142ywano stopniowo, w dw\u00f3ch rzutach. W pierwszym rzucie organizowano \u017co\u0142nierzy i uzupe\u0142nienia wchodz\u0105ce w sk\u0142ad g\u0142\u00f3wnych baon\u00f3w pu\u0142ku. (\u2026)<\/p>\n\n\n\n<p>Po zako\u0144czeniu mobilizacji pierwszego rzutu nast\u0105pi\u0142 wymarsz poszczeg\u00f3lnych oddzia\u0142\u00f3w do miejsca koncentracji \u2013 Gromina. By\u0142o to niew\u0105tpliwie istotne wydarzenie dla ka\u017cdego \u017co\u0142nierza i ochotnika. Znaczna cz\u0119\u015b\u0107 ze zmobilizowanych rezerwist\u00f3w mia\u0142a przej\u015b\u0107 sw\u00f3j chrzest bojowy w ci\u0105gu kilku nast\u0119pnych dni. Mimo dobrego stanu moralnego i fizycznego oficer\u00f3w, \u017co\u0142nierzy zawodowych, poborowych, ochotnik\u00f3w oraz rezerwist\u00f3w, da\u0142o si\u0119 wyczu\u0107 powszechnie panuj\u0105ce napi\u0119cie. Plut. Antoni Olik zapisa\u0142, \u017ce po og\u0142oszeniu alarmu 26 sierpnia <em>wszyscy prze\u017cywaj\u0105 wielki l\u0119k. (&#8230;) Zwo\u0142ano dow\u00f3dc\u00f3w na odpraw\u0119. My w napi\u0119ciu czekamy co b\u0119dzie dalej. A\u017c wreszcie przychodzi do naszej komp. oficer, por. Rudnicki i m\u00f3wi: \u00bbwojna, ja jestem waszym dow\u00f3dc\u0105 kompanii wojennej\u00ab. We wszystkich nas powsta\u0142o wielkie prze\u017cycie i l\u0119k<\/em>. Por. rez. Mieczys\u0142aw Strzelecki poda\u0142, \u017ce <em>podczas przemarszu oddzia\u0142u bocznymi uliczkami Pu\u0142tuska, podjecha\u0142 do nas samochodem z-ca dow\u00f3dcy pu\u0142ku, pp\u0142k Marian A. Markiewicz. \u015aciskaj\u0105c mi d\u0142o\u0144 powiedzia\u0142: \u00bbTrzymajcie si\u0119. Ju\u017c si\u0119 zacz\u0119\u0142o\u00ab. Nie przyj\u0105\u0142em tego dos\u0142ownie. Zdawa\u0142em sobie jednak spraw\u0119, \u017ce nie s\u0105 to \u0107wiczenia bojowe<\/em>.<\/p>\n\n\n\n<p>Wraz z opuszczeniem koszar w ostatnich dniach sierpnia, rozpocz\u0105\u0142 si\u0119 szlak bojowy 13 pp we wrze\u015bniu 1939 roku\u2026<\/p>\n\n\n\n<p><strong>Micha\u0142 Filip \u015awidwa<\/strong><\/p>\n","protected":false},"excerpt":{"rendered":"<p>14 wrze\u015bnia 2022 r., o godz. 16:00, w Muzeum Regionalnym w Pu\u0142tusku, odb\u0119dzie si\u0119 promocja ksi\u0105\u017cki Micha\u0142a Filipa \u015awidwy \u201eSzlak bojowy 13 Pu\u0142ku Piechoty we wrze\u015bniu 1939 roku\u201d. Wydarzenie wpisane b\u0119dzie w obchody XXV Dni Patrona Pu\u0142tuska \u015bw. Mateusza. Dzi\u015b, z okazji 83. rocznicy wybuchu II wojny \u015bwiatowej, publikujemy fragment publikacji: Mobilizacja W ostatniej dekadzie &#8230; <a title=\"Szlak bojowy 13 Pu\u0142ku Piechoty we wrze\u015bniu 1939 roku\" class=\"read-more\" href=\"https:\/\/historia.pultusk24.pl\/?p=560\" aria-label=\"More on Szlak bojowy 13 Pu\u0142ku Piechoty we wrze\u015bniu 1939 roku\">Czytaj dalej<\/a><\/p>\n","protected":false},"author":1,"featured_media":562,"comment_status":"closed","ping_status":"closed","sticky":false,"template":"","format":"standard","meta":{"footnotes":""},"categories":[3],"tags":[],"class_list":["post-560","post","type-post","status-publish","format-standard","has-post-thumbnail","hentry","category-13-pulk-piechoty","resize-featured-image"],"_links":{"self":[{"href":"https:\/\/historia.pultusk24.pl\/index.php?rest_route=\/wp\/v2\/posts\/560","targetHints":{"allow":["GET"]}}],"collection":[{"href":"https:\/\/historia.pultusk24.pl\/index.php?rest_route=\/wp\/v2\/posts"}],"about":[{"href":"https:\/\/historia.pultusk24.pl\/index.php?rest_route=\/wp\/v2\/types\/post"}],"author":[{"embeddable":true,"href":"https:\/\/historia.pultusk24.pl\/index.php?rest_route=\/wp\/v2\/users\/1"}],"replies":[{"embeddable":true,"href":"https:\/\/historia.pultusk24.pl\/index.php?rest_route=%2Fwp%2Fv2%2Fcomments&post=560"}],"version-history":[{"count":1,"href":"https:\/\/historia.pultusk24.pl\/index.php?rest_route=\/wp\/v2\/posts\/560\/revisions"}],"predecessor-version":[{"id":563,"href":"https:\/\/historia.pultusk24.pl\/index.php?rest_route=\/wp\/v2\/posts\/560\/revisions\/563"}],"wp:featuredmedia":[{"embeddable":true,"href":"https:\/\/historia.pultusk24.pl\/index.php?rest_route=\/wp\/v2\/media\/562"}],"wp:attachment":[{"href":"https:\/\/historia.pultusk24.pl\/index.php?rest_route=%2Fwp%2Fv2%2Fmedia&parent=560"}],"wp:term":[{"taxonomy":"category","embeddable":true,"href":"https:\/\/historia.pultusk24.pl\/index.php?rest_route=%2Fwp%2Fv2%2Fcategories&post=560"},{"taxonomy":"post_tag","embeddable":true,"href":"https:\/\/historia.pultusk24.pl\/index.php?rest_route=%2Fwp%2Fv2%2Ftags&post=560"}],"curies":[{"name":"wp","href":"https:\/\/api.w.org\/{rel}","templated":true}]}}