{"id":564,"date":"2022-09-07T10:28:32","date_gmt":"2022-09-07T08:28:32","guid":{"rendered":"http:\/\/historia.pultusk24.pl\/?p=564"},"modified":"2022-09-22T13:18:28","modified_gmt":"2022-09-22T11:18:28","slug":"pod-gruduskiem","status":"publish","type":"post","link":"https:\/\/historia.pultusk24.pl\/?p=564","title":{"rendered":"Pod Gruduskiem"},"content":{"rendered":"\n<p><strong>14 wrze\u015bnia 2022 r., o godz. 16:00, w Muzeum Regionalnym w Pu\u0142tusku, odb\u0119dzie si\u0119 promocja ksi\u0105\u017cki Micha\u0142a Filipa \u015awidwy \u201eSzlak bojowy 13 Pu\u0142ku Piechoty we wrze\u015bniu 1939 roku\u201d. Wydarzenie wpisane b\u0119dzie w obchody XXV Dni Patrona Pu\u0142tuska \u015bw. Mateusza. <\/strong><strong>Przypominamy kolejny fragment tej publikacji.<\/strong><\/p>\n\n\n\n<p><strong>Pod Gruduskiem<\/strong><\/p>\n\n\n\n<p>Ppor. rez. Stanis\u0142aw Cuba\u0142a poda\u0142, \u017ce od zmroku 2 wrze\u015bnia 1939 r. jego oddzia\u0142 maszerowa\u0142 do miejscowo\u015bci Koziczyn, po czym zaci\u0105gn\u0105\u0142 tam czaty. O \u015bwicie 3 wrze\u015bnia wyruszy\u0142 marszem w rejon Szulmierza, nast\u0119pnie w kierunku p\u00f3\u0142nocnym do Le\u015bniewa. Tam obj\u0105\u0142 stanowiska obronne oparte o zabudowania Le\u015bniewa po lewej stronie szosy oraz wzg\u00f3rze 156 po prawej stronie szosy, na kierunku Gruduska. Baon II, kt\u00f3ry pozosta\u0142 w okolicach Le\u015bniewa, przewidziano jako jednostk\u0119 odwodow\u0105 13 pp. (\u2026)<\/p>\n\n\n\n<p>W godzinach wieczornych, oko\u0142o 20.30, 9. komp. poruszaj\u0105ca si\u0119 jako stra\u017c przednia nawi\u0105za\u0142a kontakt wzrokowy z oddzia\u0142em piechoty nieprzyjaciela. Niemcy, by\u0107 mo\u017ce nie\u015bwiadomi obecno\u015bci polskich \u017co\u0142nierzy w tym rejonie, poruszali si\u0119 w kierunku po\u0142udniowym. Ich celem by\u0142 obszar zalesiony, oko\u0142o 200 m na wsch\u00f3d od drogi marszu 9. kompanii. Por. Bronis\u0142aw Petrych zrelacjonowa\u0142: <em>zauwa\u017cy\u0142em tyralier\u0119 oko\u0142o 80 ludzi, zd\u0105\u017caj\u0105c\u0105 do naszego skraju lasu. W \u015bwietle \u0142un i po\u017car\u00f3w wida\u0107 j\u0105 dok\u0142adnie. Jest w odleg\u0142o\u015bci oko\u0142o 80 metr\u00f3w. S\u0142ycha\u0107 komendy niemieckie. Zabraniam otwiera\u0107 ogie\u0144 (&#8230;). Dopuszczam Niemc\u00f3w na 40 krok\u00f3w. Otwieram ogie\u0144. Niesamowite zaskoczenie dla Niemc\u00f3w<\/em>. Wed\u0142ug dalszego opisu, zaskoczeni Niemcy wycofali si\u0119 kln\u0105c i wzywaj\u0105c Boga, pozostawiaj\u0105c poleg\u0142ych i rannych<\/p>\n\n\n\n<p>Oko\u0142o godziny 22.00, na dalszej trasie wci\u0105\u017c poruszaj\u0105cego si\u0119 w kierunku Gruduska III baonu, nast\u0105pi\u0142 kolejny kontakt z Niemcami. Oddzia\u0142 polski zosta\u0142 ostrzelany ze stanowiska karabinu maszynowego umiejscowionego na wzniesieniu w okolicach po\u0142udniowego kra\u0144ca Gruduska. W odleg\u0142o\u015bci oko\u0142o 70 m od stanowiska niemieckiej broni maszynowej, dow\u00f3dca kompanii wyda\u0142 rozkaz: <em>szturm! Migiem marsz, hurra!<\/em> (\u2026)<\/p>\n\n\n\n<p>W rezultacie tego starcia, zmuszono niemieck\u0105 obs\u0142ug\u0119 karabinu maszynowego do opuszczenia stanowiska ogniowego. Por. B. Petrych zapisa\u0142, \u017ce <em>trzeba by tu mistrzowskiego pi\u00f3ra, aby opisa\u0107 to piek\u0142o w kt\u00f3rym si\u0119 znalaz\u0142em. Serie pocisk\u00f3w szy\u0142y ziemi\u0119 ko\u0142o mojego tu\u0142owia i g\u0142owy, \u015bcina\u0142y ga\u0142\u0119zie brz\u00f3z, pryska\u0142y ziemi\u0105 w oczy, w usta. J\u0119cz\u0105 obok mnie ranni moi \u017co\u0142nierze<\/em>. (\u2026)<\/p>\n\n\n\n<p>Znajduj\u0105c si\u0119 na zdobytej pozycji relacjonowa\u0142 dalej: <em>s\u0142ysz\u0119 warkot motor\u00f3w za wzg\u00f3rzem i z bok\u00f3w, kt\u00f3ry wzmaga si\u0119 i jest blisko. Z obu stron wzg\u00f3rza i na drodze wy\u0142aniaj\u0105 si\u0119 czo\u0142gi npla i kropi\u0105 z dzia\u0142 do naszych tyralier, przedostaj\u0105 si\u0119 w g\u0142\u0105b nich i szerz\u0105 morderczy ogie\u0144 w r\u00f3\u017cnych kierunkach (&#8230;) Prowadz\u0105 ogie\u0144 z dzia\u0142, rozrywaj\u0105 zwi\u0105zki, otwieraj\u0105 ogie\u0144 z miotaczy ognia do grupek naszych \u017co\u0142nierzy. Widz\u0119 oszala\u0142ych, poparzonych \u017co\u0142nierzy. Widz\u0119 le\u017c\u0105cych, wgniatanych w ziemi\u0119 przez czo\u0142gi npla. Nie ma \u017cadnej lito\u015bci dla nikogo, nikt nie \u017c\u0105da poddania si\u0119, chodzi o zniszczenie i zupe\u0142ne rozbicie pu\u0142ku<\/em><\/p>\n\n\n\n<p><strong>Micha\u0142 Filip \u015awidwa<\/strong><\/p>\n","protected":false},"excerpt":{"rendered":"<p>14 wrze\u015bnia 2022 r., o godz. 16:00, w Muzeum Regionalnym w Pu\u0142tusku, odb\u0119dzie si\u0119 promocja ksi\u0105\u017cki Micha\u0142a Filipa \u015awidwy \u201eSzlak bojowy 13 Pu\u0142ku Piechoty we wrze\u015bniu 1939 roku\u201d. Wydarzenie wpisane b\u0119dzie w obchody XXV Dni Patrona Pu\u0142tuska \u015bw. Mateusza. Przypominamy kolejny fragment tej publikacji. Pod Gruduskiem Ppor. rez. Stanis\u0142aw Cuba\u0142a poda\u0142, \u017ce od zmroku 2 &#8230; <a title=\"Pod Gruduskiem\" class=\"read-more\" href=\"https:\/\/historia.pultusk24.pl\/?p=564\" aria-label=\"More on Pod Gruduskiem\">Czytaj dalej<\/a><\/p>\n","protected":false},"author":1,"featured_media":566,"comment_status":"closed","ping_status":"closed","sticky":false,"template":"","format":"standard","meta":{"footnotes":""},"categories":[3],"tags":[],"class_list":["post-564","post","type-post","status-publish","format-standard","has-post-thumbnail","hentry","category-13-pulk-piechoty","resize-featured-image"],"_links":{"self":[{"href":"https:\/\/historia.pultusk24.pl\/index.php?rest_route=\/wp\/v2\/posts\/564","targetHints":{"allow":["GET"]}}],"collection":[{"href":"https:\/\/historia.pultusk24.pl\/index.php?rest_route=\/wp\/v2\/posts"}],"about":[{"href":"https:\/\/historia.pultusk24.pl\/index.php?rest_route=\/wp\/v2\/types\/post"}],"author":[{"embeddable":true,"href":"https:\/\/historia.pultusk24.pl\/index.php?rest_route=\/wp\/v2\/users\/1"}],"replies":[{"embeddable":true,"href":"https:\/\/historia.pultusk24.pl\/index.php?rest_route=%2Fwp%2Fv2%2Fcomments&post=564"}],"version-history":[{"count":1,"href":"https:\/\/historia.pultusk24.pl\/index.php?rest_route=\/wp\/v2\/posts\/564\/revisions"}],"predecessor-version":[{"id":565,"href":"https:\/\/historia.pultusk24.pl\/index.php?rest_route=\/wp\/v2\/posts\/564\/revisions\/565"}],"wp:featuredmedia":[{"embeddable":true,"href":"https:\/\/historia.pultusk24.pl\/index.php?rest_route=\/wp\/v2\/media\/566"}],"wp:attachment":[{"href":"https:\/\/historia.pultusk24.pl\/index.php?rest_route=%2Fwp%2Fv2%2Fmedia&parent=564"}],"wp:term":[{"taxonomy":"category","embeddable":true,"href":"https:\/\/historia.pultusk24.pl\/index.php?rest_route=%2Fwp%2Fv2%2Fcategories&post=564"},{"taxonomy":"post_tag","embeddable":true,"href":"https:\/\/historia.pultusk24.pl\/index.php?rest_route=%2Fwp%2Fv2%2Ftags&post=564"}],"curies":[{"name":"wp","href":"https:\/\/api.w.org\/{rel}","templated":true}]}}