{"id":598,"date":"2023-01-18T11:33:13","date_gmt":"2023-01-18T10:33:13","guid":{"rendered":"https:\/\/historia.pultusk24.pl\/?p=598"},"modified":"2023-01-18T11:33:15","modified_gmt":"2023-01-18T10:33:15","slug":"odwazyl-sie-byc-madrym","status":"publish","type":"post","link":"https:\/\/historia.pultusk24.pl\/?p=598","title":{"rendered":"Odwa\u017cy\u0142 si\u0119 by\u0107 m\u0105drym"},"content":{"rendered":"\n<p><strong>\u00a0\u2013 podw\u00f3jny Jubileusz prof. dra hab. Janusza Szczepa\u0144skiego<\/strong><\/p>\n\n\n\n<figure class=\"wp-block-image size-large\"><img fetchpriority=\"high\" decoding=\"async\" width=\"1024\" height=\"683\" src=\"https:\/\/historia.pultusk24.pl\/wp-content\/uploads\/2023\/01\/Jubileusz-prof.-Janusza-Szczepanskiego-3475-1024x683.jpg\" alt=\"\" class=\"wp-image-599\" srcset=\"https:\/\/historia.pultusk24.pl\/wp-content\/uploads\/2023\/01\/Jubileusz-prof.-Janusza-Szczepanskiego-3475-1024x683.jpg 1024w, https:\/\/historia.pultusk24.pl\/wp-content\/uploads\/2023\/01\/Jubileusz-prof.-Janusza-Szczepanskiego-3475-300x200.jpg 300w, https:\/\/historia.pultusk24.pl\/wp-content\/uploads\/2023\/01\/Jubileusz-prof.-Janusza-Szczepanskiego-3475-768x513.jpg 768w, https:\/\/historia.pultusk24.pl\/wp-content\/uploads\/2023\/01\/Jubileusz-prof.-Janusza-Szczepanskiego-3475-1536x1025.jpg 1536w, https:\/\/historia.pultusk24.pl\/wp-content\/uploads\/2023\/01\/Jubileusz-prof.-Janusza-Szczepanskiego-3475-2048x1367.jpg 2048w\" sizes=\"(max-width: 1024px) 100vw, 1024px\" \/><\/figure>\n\n\n\n<p style=\"text-align: justify;\"><strong>Zwi\u0105zany niemal przez wi\u0119kszo\u015b\u0107 swojej kariery naukowej z Pu\u0142tuskiem prof. dr hab. Janusz Szczepa\u0144ski obchodzi\u0142 w 2022 roku dwa jubileusze \u2013 75-lecia urodzin i 50-lecia pracy naukowej. Z tej okazji Akademickie Towarzystwo Edukacyjno-Naukowe Atena, Fundacja Wspierania Nauki, Edukacji i Kultury oraz Instytut Historii Akademii Finans\u00f3w i Biznesu Vistula zaprosi\u0142y liczne grono przyjaci\u00f3\u0142 Profesora na niebanalny, pouczaj\u0105cy i troch\u0119 wspomnieniowy wiecz\u00f3r Jemu po\u015bwi\u0119cony.<\/strong><\/p>\n\n\n\n<p style=\"text-align: justify;\">Tak wa\u017cny jubileusz, tak szanowanego profesora nie m\u00f3g\u0142 si\u0119 odby\u0107 bez <em>\u201eKsi\u0119gi Jubileuszowej\u201d.<\/em> Takowa dedykowana Jubilatowi powsta\u0142a pod redakcj\u0105 Jolanty Za\u0142\u0119czny i Marty Milewskiej. Trzydziestu trzech znakomitych badaczy podarowa\u0142o profesorowi Januszowi Szczepa\u0144skiemu owoce swoich naukowych bada\u0144. Powsta\u0142o dzie\u0142o godne Jubilata \u2013 ponad siedemset stron ciekawej lektury zatytu\u0142owanej <em>\u201eSapere auso\u201d.<\/em><\/p>\n<p style=\"text-align: justify;\">Go\u015bci, kt\u00f3rzy przybyli na Jubileusz podzieli\u0107 mo\u017cna na trzy grupy \u2014 pierwsza to najbli\u017csi Jubilata \u2014 \u017cona Danuta, syn Damian, synowa Monika i wnuki Jakub i Wojciech. Druga grupa to samorz\u0105dowcy z gmin i miast, z kt\u00f3rymi Janusz Szczepa\u0144ski jest zwi\u0105zany, i o kt\u00f3rych pisa\u0142 ksi\u0105\u017cki: rodzinnego Bodzanowa, G\u0105bina i oczywi\u015bcie Pu\u0142tuska. Trzecia grupa to naukowcy z uczelni z Pu\u0142tuska, Warszawy, Lublina czy P\u0142ocka.<\/p>\n<p style=\"text-align: justify;\">Laudacj\u0119, przedstawiaj\u0105c\u0105 osi\u0105gni\u0119cia profesora, wyg\u0142osi\u0142 dr hab. Rados\u0142aw Lolo, podkre\u015blaj\u0105c zas\u0142ugi dla Pu\u0142tuska i jego zaanga\u017cowanie w powstanie w 1994 roku Wy\u017cszej Szko\u0142y Humanistycznej. G\u0142os zabrali tak\u017ce rektor Akademii Finans\u00f3w i Biznesu \u201eVistula\u201d dr hab. Wawrzyniec Konarski oraz cz\u0142onek komitetu redakcyjnego ksi\u0119gi jubileuszowej prof. dr hab. Romuald Turkowski. O naukowych osi\u0105gni\u0119ciach profesora m\u00f3wi\u0142a jego pierwsza doktorantka prof. Jolanta Za\u0142\u0119czny, kt\u00f3ra podkre\u015bli\u0142a, \u017ce jest on promotorem ponad pi\u0119ciuset prac licencjackich, magisterskich i podyplomowych. W imieniu uczni\u00f3w Profesora g\u0142os zabra\u0142 i podzi\u0119kowa\u0142 dr Miros\u0142aw Paku\u0142a.<\/p>\n<p style=\"text-align: justify;\">Przez wiele lat Janusz Szczepa\u0144ski pracowa\u0142 w s\u0142u\u017cbie archiwalnej jako kierownik pu\u0142tuskiego archiwum. Na Jego Jubileuszu nie mog\u0142o wi\u0119c zabrakn\u0105\u0107 przedstawicieli polskiej archiwistyki. Przyby\u0142, i o zas\u0142ugach Jubilata m\u00f3wi\u0142, Zast\u0119pca Naczelnego Dyrektora Archiw\u00f3w Pa\u0144stwowych Ryszard Wojtkowski, kt\u00f3remu towarzyszyli Magdalena Wierci\u0144ska \u2013 Dyrektor Archiwum Pa\u0144stwowego w Warszawie oraz Krzysztof Wi\u015bniewski \u2013 nast\u0119pca Janusza Szczepa\u0144skiego na stanowisku kierownika pu\u0142tuskiego archiwum.<\/p>\n<p style=\"text-align: justify;\">Pu\u0142tuszczan najbardziej interesuj\u0105 zwi\u0105zki profesora z naszym miastem i dla naszego miasta Jego zas\u0142ugi. A s\u0105 one ogromne.<\/p>\n<p style=\"text-align: justify;\">Profesor dr hab. Janusz Szczepa\u0144ski do Pu\u0142tuska przyby\u0142 w 1984 roku i rozpocz\u0105\u0142 prac\u0119 w pu\u0142tuskim oddziale Archiwum Pa\u0144stwowego m.st. Warszawy. Nie ograniczy\u0142 si\u0119 jednak tylko do kierowania t\u0105 instytucj\u0105, szybko zacz\u0105\u0142 by\u0107 aktywny spo\u0142ecznie. Od 1985 roku kierowa\u0142 Stacj\u0105 Naukow\u0105 Mazowieckiego O\u015brodka Bada\u0144 Naukowych im. Stanis\u0142awa Herbsta, a od 1986 oddzia\u0142em p\u00f3\u0142nocno mazowieckim Polskiego Towarzystwa Historycznego. Od 1991 roku by\u0142 prezesem niezwykle zas\u0142u\u017conego dla naszego miasta Pu\u0142tuskiego Towarzystwa Spo\u0142eczno-Kulturalnego. Pod koniec lat 80. w pracowni naukowej Archiwum systematycznie odbywa\u0142y si\u0119 organizowane przez Janusza Szczepa\u0144skiego spotkania z wybitnymi historykami z Uniwersytetu Warszawskiego czy Polskiej Akademii Nauk. Poruszano na nich tematy niepasuj\u0105ce w\u0142adzy ludowej st\u0105d, z jednej strony, ogromne zainteresowanie nimi, a z drugiej pr\u00f3by utrudniania przez s\u0142u\u017cby. Jak m\u00f3wi\u0142 podczas jubileuszowej kolacji profesor Szczepa\u0144ski, pu\u0142tuska milicja w Kacicach notorycznie zatrzymywa\u0142a historyk\u00f3w i niemal ka\u017cdemu wlepia\u0142a mandaty, a to za zbyt du\u017c\u0105 pr\u0119dko\u015b\u0107, a to za jakie\u015b wymy\u015blone usterki w samochodzie.<\/p>\n<p style=\"text-align: justify;\">Jakie s\u0105 wi\u0119c te najwi\u0119ksze zas\u0142ugi profesora dla Pu\u0142tuska? Pierwsz\u0105 jest zaanga\u017cowanie si\u0119 w koncepcj\u0119 Domu Polonii w Pu\u0142tusku. Jego teksty w prasie polonijnej, konferencje i wystawy przyczynia\u0142y si\u0119 do promocji Domu Polonii jako miejsca dla Polak\u00f3w rozsianych po ca\u0142ym \u015bwiecie. Tak\u017ce powstaj\u0105ca kilka lat p\u00f3\u017aniej Wy\u017csza Szko\u0142a Humanistyczna wiele Jemu zawdzi\u0119cza\u0142a, powstawa\u0142a bowiem w mie\u015bcie, gdzie kierowane przez niego instytucje (archiwum PTS-K, Stancja Naukowa, oddzia\u0142 Polskiego Towarzystwa Historycznego) przygotowa\u0142y urodzajny grunt pod uczelni\u0119.<\/p>\n<p style=\"text-align: justify;\">Ogromn\u0105 zas\u0142ug\u0105 dla naszego miasta jest tak\u017ce wysi\u0142ek, jaki Janusz Szczepa\u0144ski w\u0142o\u017cy\u0142 w przywr\u00f3cenie pami\u0119ci o 13 Pu\u0142ku Piechoty. Wydana w 1996 roku, napisana wsp\u00f3lnie z Tadeuszem Kowalskim, ksi\u0105\u017cka \u201eDzieje 13 Pu\u0142ku piechoty\u201d by\u0142a kamieniem milowym w poszerzeniu wiedzy wsp\u00f3\u0142czesnych Pu\u0142tuszczan o \u201eNaszym Pu\u0142ku\u201d.<\/p>\n<p style=\"text-align: justify;\">I jeszcze jedna \u2013 dzi\u015b troch\u0119 zapomniana zas\u0142uga \u2013 w 1993 roku spod pi\u00f3ra Profesora wysz\u0142a niewielka broszurka <em>\u201ePowiat pu\u0142tuski w podzia\u0142ach administracyjnych XIX \u2013 XX wieku\u201d.<\/em> Znawcy tematyki samorz\u0105dowej i meandr\u00f3w polityki wiedz\u0105, \u017ce by\u0142a ona wa\u017cnym argumentem w pracach nad reform\u0105 administracyjn\u0105 i tworzeniu nowego podzia\u0142u kraju na powiaty.<\/p>\n<p style=\"text-align: justify;\">Zdecydowanie najwa\u017cniejszym polem zainteresowa\u0144 badawczych profesora Szczepa\u0144skiego jest wojna polsko-bolszewicka z 1920 roku. W 1996 roku na Wydziale Historii Uniwersytetu Marii Curie-Sk\u0142odowskiej uzyska\u0142 tytu\u0142 doktora habilitowanego, a podstaw\u0105 przewodu habilitacyjnego by\u0142a monografia <em>\u201eWojna 1920 roku na Mazowszu i Podlasiu\u201d.<\/em> Zainteresowania dziejami tej wojny, kwerendy w archiwach polskich, bia\u0142oruskich, litewskich, ukrai\u0144skich, brytyjskich, a nawet rosyjskich sprawi\u0142y, \u017ce Janusz Szczepa\u0144ski jest jednym z najlepszych znawc\u00f3w tej tematyki w Polsce. Nie ma si\u0119 wi\u0119c co dziwi\u0107, \u017ce Jerzy Hoffman, kr\u0119c\u0105c film o bitwie warszawskiej, korzysta\u0142 z jego prac. W ubieg\u0142ym roku ukaza\u0142a si\u0119 najnowsza ksi\u0105\u017cka profesora po\u015bwi\u0119cona tej tematyce: <em>\u201eW\u0142adze i spo\u0142ecze\u0144stwo Drugiej Rzeczpospolitej wobec bolszewickiego zagro\u017cenia w 1920 roku<\/em>\u201d.<\/p>\n<p style=\"text-align: justify;\">Wa\u017cn\u0105 cz\u0119\u015bci\u0105 aktywno\u015bci naukowej profesora s\u0105 monografie ma\u0142ych ojczyzn. Opr\u00f3cz Pu\u0142tuska jest autorem dziej\u00f3w rodzinnego Bodzanowa, G\u0105bina, Wyszkowa czy Gostynina. Ukoronowaniem prac nad dziejami Mazowsza jest redakcja naukowa dw\u00f3ch tom\u00f3w Dziej\u00f3w Mazowsza.<\/p>\n<p style=\"text-align: justify;\">Za swoj\u0105 dzia\u0142alno\u015b\u0107 naukow\u0105 zosta\u0142 wielokrotnie nagradzany medalami i odznaczeniami: za zas\u0142ugi dla wojew\u00f3dztwa p\u0142ockiego, za zas\u0142ugi dla wojew\u00f3dztwa ciechanowskiego, odznak\u0105 honorow\u0105 \u201ePolonia\u201d, Nagrod\u0105 Marsza\u0142ka Wojew\u00f3dztwa Mazowieckiego \u201ePro Masovia\u201d, Medalem Komisji Edukacji Narodowej, Z\u0142otym Krzy\u017cem Zas\u0142ugi, a tak\u017ce Medalem za Zas\u0142ugi dla miasta Pu\u0142tuska.<\/p>\n<p style=\"text-align: justify;\">Podczas pi\u0105tkowego podw\u00f3jnego jubileuszu jedna z wychowanek Profesora, dr Beata Michalec, zast\u0119pca dyrektora Muzeum Niepodleg\u0142o\u015bci, wr\u0119czy\u0142a jubilatowi Medal Okoliczno\u015bciowy \u201ePro Masovia\u201d przyznany przez samorz\u0105d Wojew\u00f3dztwa Mazowieckiego oraz medal okoliczno\u015bciowy Muzeum Niepodleg\u0142o\u015bci \u201eBitwa Warszawska\u201d. O zas\u0142ugach dla swoich samorz\u0105d\u00f3w m\u00f3wili tak\u017ce i dzi\u0119kowania sk\u0142adali: burmistrz Pu\u0142tuska Wojciech Gregorczyk, wicestarosta powiatu pu\u0142tuskiego Beata J\u00f3\u017awiak, przewodnicz\u0105cy Rady Gminy Bodzan\u00f3w Pawe\u0142 R\u00f3\u017ca\u0144ski i burmistrz Gabina Krzysztof Jadczak.<\/p>\n<p style=\"text-align: justify;\">Za wszystkie zas\u0142ugi Profesora dla naszego miasta serdecznie, w imieniu Czytelnik\u00f3w Pu\u0142tuskiej Gazety Powiatowej, dzi\u0119kujemy i \u017cyczymy kolejnych naukowych sukces\u00f3w.<\/p>\n<p style=\"text-align: right;\"><em><strong>Grzegorz Hubert Gerek<\/strong><\/em><\/p>\n<p style=\"text-align: right;\"><em><strong>Tekst ukaza\u0142 si\u0119 w Pu\u0142tuskiej Gazecie Powiatowej nr 50 (1216) <\/strong><\/em><br \/><em><strong>z 13 grudnia 2022 roku<\/strong><\/em><\/p>\n\n\n\n<figure class=\"wp-block-image size-large\"><img decoding=\"async\" width=\"1024\" height=\"683\" src=\"https:\/\/historia.pultusk24.pl\/wp-content\/uploads\/2023\/01\/Jubileusz-prof.-Janusza-Szczepanskiego-3678-1024x683.jpg\" alt=\"\" class=\"wp-image-600\" srcset=\"https:\/\/historia.pultusk24.pl\/wp-content\/uploads\/2023\/01\/Jubileusz-prof.-Janusza-Szczepanskiego-3678-1024x683.jpg 1024w, https:\/\/historia.pultusk24.pl\/wp-content\/uploads\/2023\/01\/Jubileusz-prof.-Janusza-Szczepanskiego-3678-300x200.jpg 300w, https:\/\/historia.pultusk24.pl\/wp-content\/uploads\/2023\/01\/Jubileusz-prof.-Janusza-Szczepanskiego-3678-768x513.jpg 768w, https:\/\/historia.pultusk24.pl\/wp-content\/uploads\/2023\/01\/Jubileusz-prof.-Janusza-Szczepanskiego-3678-1536x1025.jpg 1536w, https:\/\/historia.pultusk24.pl\/wp-content\/uploads\/2023\/01\/Jubileusz-prof.-Janusza-Szczepanskiego-3678-2048x1367.jpg 2048w\" sizes=\"(max-width: 1024px) 100vw, 1024px\" \/><\/figure>\n\n\n\n<figure class=\"wp-block-image size-large\"><img decoding=\"async\" width=\"1024\" height=\"683\" src=\"https:\/\/historia.pultusk24.pl\/wp-content\/uploads\/2023\/01\/Jubileusz-prof.-Janusza-Szczepanskiego-3711-1024x683.jpg\" alt=\"\" class=\"wp-image-601\" srcset=\"https:\/\/historia.pultusk24.pl\/wp-content\/uploads\/2023\/01\/Jubileusz-prof.-Janusza-Szczepanskiego-3711-1024x683.jpg 1024w, https:\/\/historia.pultusk24.pl\/wp-content\/uploads\/2023\/01\/Jubileusz-prof.-Janusza-Szczepanskiego-3711-300x200.jpg 300w, https:\/\/historia.pultusk24.pl\/wp-content\/uploads\/2023\/01\/Jubileusz-prof.-Janusza-Szczepanskiego-3711-768x513.jpg 768w, https:\/\/historia.pultusk24.pl\/wp-content\/uploads\/2023\/01\/Jubileusz-prof.-Janusza-Szczepanskiego-3711-1536x1025.jpg 1536w, https:\/\/historia.pultusk24.pl\/wp-content\/uploads\/2023\/01\/Jubileusz-prof.-Janusza-Szczepanskiego-3711-2048x1367.jpg 2048w\" sizes=\"(max-width: 1024px) 100vw, 1024px\" \/><\/figure>\n","protected":false},"excerpt":{"rendered":"<p>\u00a0\u2013 podw\u00f3jny Jubileusz prof. dra hab. Janusza Szczepa\u0144skiego Zwi\u0105zany niemal przez wi\u0119kszo\u015b\u0107 swojej kariery naukowej z Pu\u0142tuskiem prof. dr hab. Janusz Szczepa\u0144ski obchodzi\u0142 w 2022 roku dwa jubileusze \u2013 75-lecia urodzin i 50-lecia pracy naukowej. Z tej okazji Akademickie Towarzystwo Edukacyjno-Naukowe Atena, Fundacja Wspierania Nauki, Edukacji i Kultury oraz Instytut Historii Akademii Finans\u00f3w i Biznesu &#8230; <a title=\"Odwa\u017cy\u0142 si\u0119 by\u0107 m\u0105drym\" class=\"read-more\" href=\"https:\/\/historia.pultusk24.pl\/?p=598\" aria-label=\"More on Odwa\u017cy\u0142 si\u0119 by\u0107 m\u0105drym\">Czytaj dalej<\/a><\/p>\n","protected":false},"author":4,"featured_media":602,"comment_status":"closed","ping_status":"closed","sticky":false,"template":"","format":"standard","meta":{"footnotes":""},"categories":[1],"tags":[],"class_list":["post-598","post","type-post","status-publish","format-standard","has-post-thumbnail","hentry","category-bez-kategorii"],"_links":{"self":[{"href":"https:\/\/historia.pultusk24.pl\/index.php?rest_route=\/wp\/v2\/posts\/598","targetHints":{"allow":["GET"]}}],"collection":[{"href":"https:\/\/historia.pultusk24.pl\/index.php?rest_route=\/wp\/v2\/posts"}],"about":[{"href":"https:\/\/historia.pultusk24.pl\/index.php?rest_route=\/wp\/v2\/types\/post"}],"author":[{"embeddable":true,"href":"https:\/\/historia.pultusk24.pl\/index.php?rest_route=\/wp\/v2\/users\/4"}],"replies":[{"embeddable":true,"href":"https:\/\/historia.pultusk24.pl\/index.php?rest_route=%2Fwp%2Fv2%2Fcomments&post=598"}],"version-history":[{"count":1,"href":"https:\/\/historia.pultusk24.pl\/index.php?rest_route=\/wp\/v2\/posts\/598\/revisions"}],"predecessor-version":[{"id":603,"href":"https:\/\/historia.pultusk24.pl\/index.php?rest_route=\/wp\/v2\/posts\/598\/revisions\/603"}],"wp:featuredmedia":[{"embeddable":true,"href":"https:\/\/historia.pultusk24.pl\/index.php?rest_route=\/wp\/v2\/media\/602"}],"wp:attachment":[{"href":"https:\/\/historia.pultusk24.pl\/index.php?rest_route=%2Fwp%2Fv2%2Fmedia&parent=598"}],"wp:term":[{"taxonomy":"category","embeddable":true,"href":"https:\/\/historia.pultusk24.pl\/index.php?rest_route=%2Fwp%2Fv2%2Fcategories&post=598"},{"taxonomy":"post_tag","embeddable":true,"href":"https:\/\/historia.pultusk24.pl\/index.php?rest_route=%2Fwp%2Fv2%2Ftags&post=598"}],"curies":[{"name":"wp","href":"https:\/\/api.w.org\/{rel}","templated":true}]}}