{"id":627,"date":"2023-07-28T17:08:16","date_gmt":"2023-07-28T15:08:16","guid":{"rendered":"https:\/\/historia.pultusk24.pl\/?p=627"},"modified":"2023-07-28T17:14:02","modified_gmt":"2023-07-28T15:14:02","slug":"migawki-z-pultuska-z-1949-roku","status":"publish","type":"post","link":"https:\/\/historia.pultusk24.pl\/?p=627","title":{"rendered":"Migawki z Pu\u0142tuska z 1949 roku"},"content":{"rendered":"\n<figure class=\"wp-block-image size-full\"><img decoding=\"async\" src=\"https:\/\/historia.pultusk24.pl\/wp-content\/uploads\/2023\/07\/3_39_0_-_3501_12_54848956.jpg\" alt=\"\" class=\"wp-image-645\"\/><\/figure>\n\n\n\n<p><strong>Nieznany z imienia i nazwiska fotograf Wojskowej Agencji Fotograficznej odwiedzi\u0142 w 1949 roku Pu\u0142tusk. Spacerowa\u0142 po mie\u015bcie i wykona\u0142 kilkana\u015bcie zdj\u0119\u0107. Przedstawiaj\u0105 one miasto powoli podnosz\u0105ce si\u0119 z ruin. Widzimy na nich wie\u017c\u0119 ratuszow\u0105, zamek i baszt\u0119.<\/strong><\/p>\n\n\n\n<p>W czasie II wojny \u015bwiatowej Pu\u0142tusk zosta\u0142 zniszczony w ok. 85%. Ju\u017c w pierwszych dniach wojny, w dniach 6-7 wrze\u015bnia 1939 roku, stoczona zosta\u0142a bitwa, nazwana bitw\u0105 pod Pu\u0142tuskiem, stoczona pod dow\u00f3dztwem majora Jana Kazimierza Mazura z oddzia\u0142ami niemieckiej 3 Armii. Pierwszy atak pod Pu\u0142tuskiem Niemcy podj\u0119li 6 wrze\u015bnia \u2013 zosta\u0142 on jednak odparty. 7 wrze\u015bnia pozwoli\u0142 Niemcom uchwyci\u0107 niewielki przycz\u00f3\u0142ek na Narwi. Wkr\u00f3tce jednak \u017co\u0142nierze Polscy wyparli Niemc\u00f3w za rzek\u0119. Wieczorem wojska polskie na rozkaz wy\u017cszego dow\u00f3dztwa wycofa\u0142y si\u0119, opuszczaj\u0105c Pu\u0142tusk bez walki. Najwi\u0119cej zniszcze\u0144 powsta\u0142o na prze\u0142omie 1944 i 1945 r., podczas ci\u0119\u017ckich walk Armii Czerwonej z Niemcami o uchwycenie przycz\u00f3\u0142k\u00f3w na Narwi. Lata powojenne to czas odbudowy miasta. Powsta\u0142o w tym okresie kilka nowych osiedli i instytucji kulturalnych.<\/p>\n\n\n\n<p>Historia Polski zdeterminowana jest licznymi konfliktami i wojnami, tocz\u0105cymi si\u0119 w naszych granicach od zarania. To historia budowy, rozkwitu, rozwoju, tworzenia, przepleciona destrukcj\u0105, stratami, walkami i odbudow\u0105 po tych stratach. W czasie II wojny \u015bwiatowej Pu\u0142tusk dzieli\u0142 los miast tych najbardziej skrzywdzonych, bo zniszczonych w ok. 85 procentach. Jak dzi\u015b wygl\u0105da\u0142oby miasto, gdyby nie dane mu by\u0142o zazna\u0107 strasznych wojen, ju\u017c si\u0119 nie dowiemy. Mo\u017cemy natomiast przekazywa\u0107 pami\u0119\u0107 o tych co za Pu\u0142tusk gin\u0119li, jak i tych, kt\u00f3rzy go odbudowywali.<\/p>\n\n\n\n<p class=\"has-text-align-right\"><a href=\"https:\/\/www.szukajwarchiwach.gov.pl\/web\/narodowe-archiwum-cyfrowe\"><u>Narodowe Archiwum Cyfrowe<\/u><\/a><\/p>\n\n\n\n<p class=\"has-text-align-right\">Zesp\u00f3\u0142<\/p>\n\n\n\n<p class=\"has-text-align-right\"><a href=\"https:\/\/www.szukajwarchiwach.gov.pl\/zespol\/-\/zespol\/55738\"><u>Wojskowa Agencja Fotograficzna<\/u><\/a><\/p>\n\n\n\n<figure class=\"wp-block-gallery has-nested-images columns-default is-cropped wp-block-gallery-1 is-layout-flex wp-block-gallery-is-layout-flex\">\n<figure class=\"wp-block-image size-large\"><img fetchpriority=\"high\" decoding=\"async\" width=\"654\" height=\"1024\" data-id=\"647\" src=\"https:\/\/historia.pultusk24.pl\/wp-content\/uploads\/2023\/07\/3_39_0_-_3501_2_54848937-1-654x1024.jpg\" alt=\"\" class=\"wp-image-647\" srcset=\"https:\/\/historia.pultusk24.pl\/wp-content\/uploads\/2023\/07\/3_39_0_-_3501_2_54848937-1-654x1024.jpg 654w, https:\/\/historia.pultusk24.pl\/wp-content\/uploads\/2023\/07\/3_39_0_-_3501_2_54848937-1-192x300.jpg 192w, https:\/\/historia.pultusk24.pl\/wp-content\/uploads\/2023\/07\/3_39_0_-_3501_2_54848937-1-768x1203.jpg 768w, https:\/\/historia.pultusk24.pl\/wp-content\/uploads\/2023\/07\/3_39_0_-_3501_2_54848937-1-981x1536.jpg 981w, https:\/\/historia.pultusk24.pl\/wp-content\/uploads\/2023\/07\/3_39_0_-_3501_2_54848937-1-1308x2048.jpg 1308w, https:\/\/historia.pultusk24.pl\/wp-content\/uploads\/2023\/07\/3_39_0_-_3501_2_54848937-1-scaled.jpg 1634w\" sizes=\"(max-width: 654px) 100vw, 654px\" \/><\/figure>\n\n\n\n<figure class=\"wp-block-image size-large\"><img decoding=\"async\" data-id=\"646\" src=\"https:\/\/historia.pultusk24.pl\/wp-content\/uploads\/2023\/07\/3_39_0_-_3501_18_54848969.jpg\" alt=\"\" class=\"wp-image-646\"\/><\/figure>\n\n\n\n<figure class=\"wp-block-image size-large\"><img decoding=\"async\" data-id=\"645\" src=\"https:\/\/historia.pultusk24.pl\/wp-content\/uploads\/2023\/07\/3_39_0_-_3501_12_54848956.jpg\" alt=\"\" class=\"wp-image-645\"\/><\/figure>\n\n\n\n<figure class=\"wp-block-image size-large\"><img decoding=\"async\" data-id=\"644\" src=\"https:\/\/historia.pultusk24.pl\/wp-content\/uploads\/2023\/07\/3_39_0_-_3501_32_54849001.jpg\" alt=\"\" class=\"wp-image-644\"\/><\/figure>\n\n\n\n<figure class=\"wp-block-image size-large\"><img decoding=\"async\" data-id=\"643\" src=\"https:\/\/historia.pultusk24.pl\/wp-content\/uploads\/2023\/07\/3_39_0_-_3501_29_54848998.jpg\" alt=\"\" class=\"wp-image-643\"\/><\/figure>\n\n\n\n<figure class=\"wp-block-image size-large\"><img decoding=\"async\" data-id=\"640\" src=\"https:\/\/historia.pultusk24.pl\/wp-content\/uploads\/2023\/07\/3_39_0_-_3501_31_54849000.jpg\" alt=\"\" class=\"wp-image-640\"\/><\/figure>\n\n\n\n<figure class=\"wp-block-image size-large\"><img decoding=\"async\" width=\"2286\" height=\"3614\" data-id=\"642\" src=\"https:\/\/historia.pultusk24.pl\/wp-content\/uploads\/2023\/07\/3_39_0_-_3501_11_54848955.jpg\" alt=\"\" class=\"wp-image-642\" srcset=\"https:\/\/historia.pultusk24.pl\/wp-content\/uploads\/2023\/07\/3_39_0_-_3501_11_54848955.jpg 2286w, https:\/\/historia.pultusk24.pl\/wp-content\/uploads\/2023\/07\/3_39_0_-_3501_11_54848955-190x300.jpg 190w\" sizes=\"(max-width: 2286px) 100vw, 2286px\" \/><\/figure>\n\n\n\n<figure class=\"wp-block-image size-large\"><img decoding=\"async\" data-id=\"641\" src=\"https:\/\/historia.pultusk24.pl\/wp-content\/uploads\/2023\/07\/3_39_0_-_3501_16_54848966.jpg\" alt=\"\" class=\"wp-image-641\"\/><\/figure>\n\n\n\n<figure class=\"wp-block-image size-large\"><img decoding=\"async\" data-id=\"639\" src=\"https:\/\/historia.pultusk24.pl\/wp-content\/uploads\/2023\/07\/3_39_0_-_3501_10_54848952.jpg\" alt=\"\" class=\"wp-image-639\"\/><\/figure>\n\n\n\n<figure class=\"wp-block-image size-large\"><img decoding=\"async\" data-id=\"636\" src=\"https:\/\/historia.pultusk24.pl\/wp-content\/uploads\/2023\/07\/3_39_0_-_3501_6_54848942.jpg\" alt=\"\" class=\"wp-image-636\"\/><\/figure>\n\n\n\n<figure class=\"wp-block-image size-large\"><img decoding=\"async\" data-id=\"638\" src=\"https:\/\/historia.pultusk24.pl\/wp-content\/uploads\/2023\/07\/3_39_0_-_3501_22_54848979.jpg\" alt=\"\" class=\"wp-image-638\"\/><\/figure>\n\n\n\n<figure class=\"wp-block-image size-large\"><img decoding=\"async\" data-id=\"637\" src=\"https:\/\/historia.pultusk24.pl\/wp-content\/uploads\/2023\/07\/3_39_0_-_3501_7_54848943.jpg\" alt=\"\" class=\"wp-image-637\"\/><\/figure>\n\n\n\n<figure class=\"wp-block-image size-large\"><img decoding=\"async\" data-id=\"634\" src=\"https:\/\/historia.pultusk24.pl\/wp-content\/uploads\/2023\/07\/3_39_0_-_3501_27_54848989.jpg\" alt=\"\" class=\"wp-image-634\"\/><\/figure>\n\n\n\n<figure class=\"wp-block-image size-large\"><img decoding=\"async\" data-id=\"635\" src=\"https:\/\/historia.pultusk24.pl\/wp-content\/uploads\/2023\/07\/3_39_0_-_3501_14_54848959.jpg\" alt=\"\" class=\"wp-image-635\"\/><\/figure>\n\n\n\n<figure class=\"wp-block-image size-large\"><img decoding=\"async\" data-id=\"633\" src=\"https:\/\/historia.pultusk24.pl\/wp-content\/uploads\/2023\/07\/3_39_0_-_3501_17_54848968.jpg\" alt=\"\" class=\"wp-image-633\"\/><\/figure>\n\n\n\n<figure class=\"wp-block-image size-large\"><img decoding=\"async\" data-id=\"632\" src=\"https:\/\/historia.pultusk24.pl\/wp-content\/uploads\/2023\/07\/3_39_0_-_3501_20_54848972.jpg\" alt=\"\" class=\"wp-image-632\"\/><\/figure>\n\n\n\n<figure class=\"wp-block-image size-large\"><img decoding=\"async\" data-id=\"631\" src=\"https:\/\/historia.pultusk24.pl\/wp-content\/uploads\/2023\/07\/3_39_0_-_3501_2_54848937.jpg\" alt=\"\" class=\"wp-image-631\"\/><\/figure>\n\n\n\n<figure class=\"wp-block-image size-large\"><img decoding=\"async\" data-id=\"630\" src=\"https:\/\/historia.pultusk24.pl\/wp-content\/uploads\/2023\/07\/3_39_0_-_3501_8_54848944.jpg\" alt=\"\" class=\"wp-image-630\"\/><\/figure>\n\n\n\n<figure class=\"wp-block-image size-large\"><img decoding=\"async\" width=\"655\" height=\"1024\" data-id=\"629\" src=\"https:\/\/historia.pultusk24.pl\/wp-content\/uploads\/2023\/07\/3_39_0_-_3501_4_54848940-655x1024.jpg\" alt=\"\" class=\"wp-image-629\" srcset=\"https:\/\/historia.pultusk24.pl\/wp-content\/uploads\/2023\/07\/3_39_0_-_3501_4_54848940-655x1024.jpg 655w, https:\/\/historia.pultusk24.pl\/wp-content\/uploads\/2023\/07\/3_39_0_-_3501_4_54848940-192x300.jpg 192w, https:\/\/historia.pultusk24.pl\/wp-content\/uploads\/2023\/07\/3_39_0_-_3501_4_54848940-768x1201.jpg 768w, https:\/\/historia.pultusk24.pl\/wp-content\/uploads\/2023\/07\/3_39_0_-_3501_4_54848940-982x1536.jpg 982w, https:\/\/historia.pultusk24.pl\/wp-content\/uploads\/2023\/07\/3_39_0_-_3501_4_54848940-1309x2048.jpg 1309w, https:\/\/historia.pultusk24.pl\/wp-content\/uploads\/2023\/07\/3_39_0_-_3501_4_54848940-scaled.jpg 1637w\" sizes=\"(max-width: 655px) 100vw, 655px\" \/><\/figure>\n\n\n\n<figure class=\"wp-block-image size-large\"><img loading=\"lazy\" decoding=\"async\" width=\"656\" height=\"1024\" data-id=\"628\" src=\"https:\/\/historia.pultusk24.pl\/wp-content\/uploads\/2023\/07\/3_39_0_-_3501_33_54849002-656x1024.jpg\" alt=\"\" class=\"wp-image-628\" srcset=\"https:\/\/historia.pultusk24.pl\/wp-content\/uploads\/2023\/07\/3_39_0_-_3501_33_54849002-656x1024.jpg 656w, https:\/\/historia.pultusk24.pl\/wp-content\/uploads\/2023\/07\/3_39_0_-_3501_33_54849002-192x300.jpg 192w, https:\/\/historia.pultusk24.pl\/wp-content\/uploads\/2023\/07\/3_39_0_-_3501_33_54849002-768x1198.jpg 768w, https:\/\/historia.pultusk24.pl\/wp-content\/uploads\/2023\/07\/3_39_0_-_3501_33_54849002-984x1536.jpg 984w, https:\/\/historia.pultusk24.pl\/wp-content\/uploads\/2023\/07\/3_39_0_-_3501_33_54849002-1313x2048.jpg 1313w, https:\/\/historia.pultusk24.pl\/wp-content\/uploads\/2023\/07\/3_39_0_-_3501_33_54849002-scaled.jpg 1641w\" sizes=\"(max-width: 656px) 100vw, 656px\" \/><\/figure>\n<\/figure>\n","protected":false},"excerpt":{"rendered":"<p>Nieznany z imienia i nazwiska fotograf Wojskowej Agencji Fotograficznej odwiedzi\u0142 w 1949 roku Pu\u0142tusk. Spacerowa\u0142 po mie\u015bcie i wykona\u0142 kilkana\u015bcie zdj\u0119\u0107. Przedstawiaj\u0105 one miasto powoli podnosz\u0105ce si\u0119 z ruin. Widzimy na nich wie\u017c\u0119 ratuszow\u0105, zamek i baszt\u0119. W czasie II wojny \u015bwiatowej Pu\u0142tusk zosta\u0142 zniszczony w ok. 85%. Ju\u017c w pierwszych dniach wojny, w dniach &#8230; <a title=\"Migawki z Pu\u0142tuska z 1949 roku\" class=\"read-more\" href=\"https:\/\/historia.pultusk24.pl\/?p=627\" aria-label=\"More on Migawki z Pu\u0142tuska z 1949 roku\">Czytaj dalej<\/a><\/p>\n","protected":false},"author":2,"featured_media":645,"comment_status":"closed","ping_status":"closed","sticky":false,"template":"","format":"standard","meta":{"footnotes":""},"categories":[2],"tags":[],"class_list":["post-627","post","type-post","status-publish","format-standard","has-post-thumbnail","hentry","category-historia","resize-featured-image"],"_links":{"self":[{"href":"https:\/\/historia.pultusk24.pl\/index.php?rest_route=\/wp\/v2\/posts\/627","targetHints":{"allow":["GET"]}}],"collection":[{"href":"https:\/\/historia.pultusk24.pl\/index.php?rest_route=\/wp\/v2\/posts"}],"about":[{"href":"https:\/\/historia.pultusk24.pl\/index.php?rest_route=\/wp\/v2\/types\/post"}],"author":[{"embeddable":true,"href":"https:\/\/historia.pultusk24.pl\/index.php?rest_route=\/wp\/v2\/users\/2"}],"replies":[{"embeddable":true,"href":"https:\/\/historia.pultusk24.pl\/index.php?rest_route=%2Fwp%2Fv2%2Fcomments&post=627"}],"version-history":[{"count":4,"href":"https:\/\/historia.pultusk24.pl\/index.php?rest_route=\/wp\/v2\/posts\/627\/revisions"}],"predecessor-version":[{"id":651,"href":"https:\/\/historia.pultusk24.pl\/index.php?rest_route=\/wp\/v2\/posts\/627\/revisions\/651"}],"wp:featuredmedia":[{"embeddable":true,"href":"https:\/\/historia.pultusk24.pl\/index.php?rest_route=\/wp\/v2\/media\/645"}],"wp:attachment":[{"href":"https:\/\/historia.pultusk24.pl\/index.php?rest_route=%2Fwp%2Fv2%2Fmedia&parent=627"}],"wp:term":[{"taxonomy":"category","embeddable":true,"href":"https:\/\/historia.pultusk24.pl\/index.php?rest_route=%2Fwp%2Fv2%2Fcategories&post=627"},{"taxonomy":"post_tag","embeddable":true,"href":"https:\/\/historia.pultusk24.pl\/index.php?rest_route=%2Fwp%2Fv2%2Ftags&post=627"}],"curies":[{"name":"wp","href":"https:\/\/api.w.org\/{rel}","templated":true}]}}