{"id":74,"date":"2020-07-03T18:04:27","date_gmt":"2020-07-03T16:04:27","guid":{"rendered":"http:\/\/historia.pultusk24.pl\/?p=74"},"modified":"2021-01-21T14:51:26","modified_gmt":"2021-01-21T13:51:26","slug":"aleksander-napiorkowski-uczen-pultuskiego-gimnazjum-pepeesowiec-bohater","status":"publish","type":"post","link":"https:\/\/historia.pultusk24.pl\/?p=74","title":{"rendered":"Aleksander Napi\u00f3rkowski, ucze\u0144 pu\u0142tuskiego gimnazjum, pepeesowiec, bohater"},"content":{"rendered":"\n<div class=\"wp-block-image\"><figure class=\"alignleft size-large is-resized\"><img decoding=\"async\" src=\"https:\/\/historia.pultusk24.pl\/wp-content\/uploads\/2020\/07\/Napiorkowski-915x1024.jpg\" alt=\"\" class=\"wp-image-89\" width=\"170\" height=\"181\"\/><\/figure><\/div>\n\n\n\n<p class=\"has-text-align-left\"><strong>Za udzia\u0142 w strajku szkolnym w Pu\u0142tusku w 1905 roku zosta\u0142 wydalony ze szko\u0142y. Kr\u00f3tkie \u017cycie po\u015bwi\u0119ci\u0142 walce o woln\u0105 Polsk\u0119. W 1919 roku wybrany do Sejmu z listy Polskiej Partii Socjalistycznej, jako jeden z nielicznych parlamentarzyst\u00f3w na ochotnika zaci\u0105gn\u0105\u0142 si\u0119 do wojska. W szale\u0144czej szar\u017cy pod Ciechanowem dosi\u0119g\u0142y go bolszewickie kule.<\/strong><\/p>\n\n\n\n<p><\/p>\n\n\n\n<p><\/p>\n\n\n\n<p>Aleksander Napi\u00f3rkowski urodzi\u0142 si\u0119 25 listopada 1890 roku w Chrzczonach w powiecie makowskim. W latach 1902 \u2013 1905 ucz\u0119szcza\u0142 do pu\u0142tuskiego gimnazjum. To w Pu\u0142tusku ukszta\u0142towa\u0142a si\u0119 jego postawa patriotyczna, a by\u0142y to czasy kiedy o woln\u0105 Polsk\u0119 chcieli walczy\u0107 tylko ludzie skupieni wok\u00f3\u0142 Polskiej Partii Socjalistycznej i PPS. By\u0142 aktywnym uczestnikiem strajku szkolnego w pu\u0142tuskiej szkole. Zosta\u0142 za to z niej wydalony. Kontynuowa\u0142 nauk\u0119 w \u0141om\u017cy, gdzie aktywnie w\u0142\u0105czy\u0142 si\u0119 w dzia\u0142alno\u015b\u0107 socjalistyczn\u0105. Dwukrotnie zadenuncjowany by\u0142 aresztowany przez w\u0142adze carskie. Za pierwszym razem zwolniony dzi\u0119ki staraniom ojca. Za drugim razem by\u0142 wieziony w B\u0119dzinie.<\/p>\n\n\n\n<p>W latach 1909 \u2013 1914 studiowa\u0142 w Belgii w Liege. Wtedy te\u017c dzia\u0142a\u0142 w r\u00f3\u017cnego rodzaju niepodleg\u0142o\u015bciowych organizacjach socjalistycznych. Kiedy wybuch\u0142a I wojna \u015bwiatowa wr\u00f3ci\u0142 do Polski i zaci\u0105gn\u0105\u0142 si\u0119 do Legion\u00f3w. Do 1917 roku s\u0142u\u017cy\u0142 w kawalerii, w 1 Pu\u0142ku U\u0142an\u00f3w Legionowych. Po kryzysie legionowym zrzuci\u0142 mundur i rozpocz\u0105\u0142 dzia\u0142alno\u015b\u0107 konspiracyjn\u0105 jako przewodnicz\u0105cy okr\u0119gu \u0142\u00f3dzkiego PPS i wsp\u00f3\u0142tw\u00f3rca tamtejszych struktur Polskiej Organizacji Wojskowej. W listopadzie 1918 roku aktywny uczestnik akcji rozbrajania oddzia\u0142\u00f3w niemieckich.<\/p>\n\n\n\n<p>W latach 1918 \u2013 1920 aktywny publicysta i dziennikarz \u0142\u00f3dzkich gazet o charakterze lewicowym, wsp\u00f3\u0142tw\u00f3rca Milicji Ludowej w \u0141odzi, aktywny dzia\u0142acz rad robotniczych. Publikowa\u0142 artyku\u0142y m.in. w &#8222;Dzienniku Robotniczym&#8221;, &#8222;Jedno\u015bci Robotniczej&#8221;, &#8222;\u0141odzianinie&#8221;, &#8222;Robotniku&#8221;. <\/p>\n\n\n\n<p>Wybrany do Sejmu Ustawodawczego z okr\u0119gu \u0142\u00f3dzkiego. Praca w parlamencie trwa\u0142a zaledwie rok. Kiedy bowiem bolszewickie chordy zacz\u0119\u0142y zagra\u017ca\u0107 Polsce zaci\u0105gn\u0105\u0142 si\u0119 wiosn\u0105 1920 roku do wojska. Najpierw do 1 pu\u0142ku szwole\u017cer\u00f3w ,a p\u00f3\u017aniej do ochotniczego 108 pu\u0142ku U\u0142an\u00f3w.<\/p>\n\n\n\n<p>Bra\u0142 udzia\u0142 w zaci\u0119tych walkach latem 1920 roku na p\u00f3\u0142nocnym Mazowszu. 18 sierpnia 1920 podczas szar\u017cy szwadronu u\u0142an\u00f3w, kt\u00f3rym dowodzi\u0142 na pozycje bolszewickie pod <a href=\"https:\/\/pl.wikipedia.org\/wiki\/Ciechan\u00f3w\">Ciechanowem<\/a> zosta\u0142 ci\u0119\u017cko ranny. Rany okaza\u0142y si\u0119 \u015bmiertelne &#8211; zmar\u0142 tego samego dnia. Pochowany zosta\u0142 pocz\u0105tkowo w Modlinie.<\/p>\n\n\n\n<p>Kiedy bezpo\u015brednie zagro\u017cenie min\u0119\u0142o na wniosek Zwi\u0105zku Polskich Pos\u0142\u00f3w Socjalistycznych, Kancelaria Sejmu poszukiwa\u0142a informacji o losach Napi\u00f3rkowskiego. Wiadomo\u015b\u0107 o jego \u015bmierci dotar\u0142a do Sejmu dopiero 28 pa\u017adziernika 1920. Marsza\u0142ek Sejmu <a href=\"https:\/\/pl.wikipedia.org\/wiki\/Wojciech_Tr\u0105mpczy\u0144ski\">Wojciech Tr\u0105mpczy\u0144ski<\/a>, otwieraj\u0105c posiedzenie w dniu 29 pa\u017adziernika 1920 po\u015bwi\u0119ci\u0142 swe wyst\u0105pienie Napi\u00f3rkowskiemu stwierdzaj\u0105c: <em>zgin\u0105\u0142 jak \u017cy\u0142, w sumiennym spe\u0142nieniu obowi\u0105zku wobec Ojczyzny. Jego pi\u0119kna karta \u017cyciowa nieod\u0142\u0105cznie pozostanie zwi\u0105zana z histori\u0105 pierwszego Sejmu Polskiego<\/em><sup>.<\/sup><\/p>\n\n\n\n<p>Po\u015bmiertnie awansowany do stopnia rotmistrza, odznaczony Krzy\u017cem Srebrnym <a href=\"https:\/\/pl.wikipedia.org\/wiki\/Order_Virtuti_Militari\">Orderu Virtuti Militari<\/a> (1921), <a href=\"https:\/\/pl.wikipedia.org\/wiki\/Krzy\u017c_i_Medal_Niepodleg\u0142o\u015bci\">Krzy\u017cem Niepodleg\u0142o\u015bci z Mieczami<\/a> oraz <a href=\"https:\/\/pl.wikipedia.org\/wiki\/Krzy\u017c_Walecznych\">Krzy\u017cem Walecznych<\/a>. Uhonorowany tak\u017ce Odznak\u0105 Pami\u0105tkow\u0105 \u201ePierwszej Kadrowej\u201d.<\/p>\n\n\n\n<figure class=\"wp-block-image size-large is-resized\"><img fetchpriority=\"high\" decoding=\"async\" src=\"https:\/\/historia.pultusk24.pl\/wp-content\/uploads\/2020\/07\/Aleksandernapirkowski-cmentarz-768x1024.jpg\" alt=\"\" class=\"wp-image-88\" width=\"433\" height=\"577\" srcset=\"https:\/\/historia.pultusk24.pl\/wp-content\/uploads\/2020\/07\/Aleksandernapirkowski-cmentarz-768x1024.jpg 768w, https:\/\/historia.pultusk24.pl\/wp-content\/uploads\/2020\/07\/Aleksandernapirkowski-cmentarz-225x300.jpg 225w, https:\/\/historia.pultusk24.pl\/wp-content\/uploads\/2020\/07\/Aleksandernapirkowski-cmentarz-1152x1536.jpg 1152w, https:\/\/historia.pultusk24.pl\/wp-content\/uploads\/2020\/07\/Aleksandernapirkowski-cmentarz-1536x2048.jpg 1536w, https:\/\/historia.pultusk24.pl\/wp-content\/uploads\/2020\/07\/Aleksandernapirkowski-cmentarz-scaled.jpg 1920w\" sizes=\"(max-width: 433px) 100vw, 433px\" \/><figcaption><em><span class=\"has-inline-color has-cyan-bluish-gray-color\">Gr\u00f3b Aleksandra Napi\u00f3rkowskiego w \u0141odzi<\/span><\/em><\/figcaption><\/figure>\n\n\n\n<p>Zanim wyruszy\u0142 walczy\u0107 w obronie Polski, w 1920 roku po\u015blubi\u0142 Wiktori\u0119 z Wisznickich, \u0142\u00f3dzk\u0105 nauczycielk\u0119, zas\u0142u\u017con\u0105 p\u00f3\u017aniej dzia\u0142alno\u015bci\u0105 edukacyjn\u0105 w czasie II wojny \u015bwiatowej. Ich c\u00f3rka \u2013 Aleksandra by\u0142a profesorem biochemii Polskiej Akademii Nauk.<\/p>\n\n\n\n<p class=\"has-text-align-right\">Grzegorz Gerek<\/p>\n","protected":false},"excerpt":{"rendered":"<p>Za udzia\u0142 w strajku szkolnym w Pu\u0142tusku w 1905 roku zosta\u0142 wydalony ze szko\u0142y. Kr\u00f3tkie \u017cycie po\u015bwi\u0119ci\u0142 walce o woln\u0105 Polsk\u0119. W 1919 roku wybrany do Sejmu z listy Polskiej Partii Socjalistycznej, jako jeden z nielicznych parlamentarzyst\u00f3w na ochotnika zaci\u0105gn\u0105\u0142 si\u0119 do wojska. W szale\u0144czej szar\u017cy pod Ciechanowem dosi\u0119g\u0142y go bolszewickie kule. Aleksander Napi\u00f3rkowski urodzi\u0142 &#8230; <a title=\"Aleksander Napi\u00f3rkowski, ucze\u0144 pu\u0142tuskiego gimnazjum, pepeesowiec, bohater\" class=\"read-more\" href=\"https:\/\/historia.pultusk24.pl\/?p=74\" aria-label=\"More on Aleksander Napi\u00f3rkowski, ucze\u0144 pu\u0142tuskiego gimnazjum, pepeesowiec, bohater\">Czytaj dalej<\/a><\/p>\n","protected":false},"author":1,"featured_media":312,"comment_status":"closed","ping_status":"closed","sticky":false,"template":"","format":"standard","meta":{"footnotes":""},"categories":[7],"tags":[],"class_list":["post-74","post","type-post","status-publish","format-standard","has-post-thumbnail","hentry","category-rok-1920"],"_links":{"self":[{"href":"https:\/\/historia.pultusk24.pl\/index.php?rest_route=\/wp\/v2\/posts\/74","targetHints":{"allow":["GET"]}}],"collection":[{"href":"https:\/\/historia.pultusk24.pl\/index.php?rest_route=\/wp\/v2\/posts"}],"about":[{"href":"https:\/\/historia.pultusk24.pl\/index.php?rest_route=\/wp\/v2\/types\/post"}],"author":[{"embeddable":true,"href":"https:\/\/historia.pultusk24.pl\/index.php?rest_route=\/wp\/v2\/users\/1"}],"replies":[{"embeddable":true,"href":"https:\/\/historia.pultusk24.pl\/index.php?rest_route=%2Fwp%2Fv2%2Fcomments&post=74"}],"version-history":[{"count":14,"href":"https:\/\/historia.pultusk24.pl\/index.php?rest_route=\/wp\/v2\/posts\/74\/revisions"}],"predecessor-version":[{"id":235,"href":"https:\/\/historia.pultusk24.pl\/index.php?rest_route=\/wp\/v2\/posts\/74\/revisions\/235"}],"wp:featuredmedia":[{"embeddable":true,"href":"https:\/\/historia.pultusk24.pl\/index.php?rest_route=\/wp\/v2\/media\/312"}],"wp:attachment":[{"href":"https:\/\/historia.pultusk24.pl\/index.php?rest_route=%2Fwp%2Fv2%2Fmedia&parent=74"}],"wp:term":[{"taxonomy":"category","embeddable":true,"href":"https:\/\/historia.pultusk24.pl\/index.php?rest_route=%2Fwp%2Fv2%2Fcategories&post=74"},{"taxonomy":"post_tag","embeddable":true,"href":"https:\/\/historia.pultusk24.pl\/index.php?rest_route=%2Fwp%2Fv2%2Ftags&post=74"}],"curies":[{"name":"wp","href":"https:\/\/api.w.org\/{rel}","templated":true}]}}